{"id":17262,"date":"2025-04-09T18:00:00","date_gmt":"2025-04-10T00:00:00","guid":{"rendered":"https:\/\/cronicadesoledad.com\/?p=17262"},"modified":"2025-04-09T16:44:24","modified_gmt":"2025-04-09T22:44:24","slug":"sin-avances-visibles-en-el-arranque-de-la-presa-las-escobas","status":"publish","type":"post","link":"https:\/\/cronicadesoledad.com\/index.php\/2025\/04\/09\/sin-avances-visibles-en-el-arranque-de-la-presa-las-escobas\/","title":{"rendered":"Sin avances visibles en el arranque de la presa Las Escobas"},"content":{"rendered":"\n<p>Aunque el proyecto de la presa Las Escobas ha sido catalogado como prioritario tanto por el Gobierno Federal como por el Estatal, a\u00fan no existe una fecha definida para el inicio de su construcci\u00f3n. La diputada Nancy Jeanine Garc\u00eda Mart\u00ednez, presidenta de la Comisi\u00f3n del Agua en el Congreso local, se\u00f1al\u00f3 que la obra est\u00e1 integrada en el Plan Nacional H\u00eddrico, pero que por ahora se sigue en espera de detalles concretos para su ejecuci\u00f3n.<\/p>\n\n\n\n<p>La presa se perfila como un componente clave en la estrategia nacional para el manejo del agua, en la que San Luis Potos\u00ed tiene un papel relevante. El objetivo del proyecto es fortalecer el abastecimiento de agua en la regi\u00f3n mediante una inversi\u00f3n conjunta de 600 millones de pesos entre la federaci\u00f3n y el estado.<\/p>\n\n\n\n<p>Seg\u00fan la legisladora, hay coordinaci\u00f3n con la Delegaci\u00f3n Estatal de CONAGUA para definir los tiempos de inicio y articular esta obra con otras fuentes como la presa El Realito, con el fin de lograr una distribuci\u00f3n m\u00e1s eficiente del recurso h\u00eddrico en la capital potosina.<\/p>\n\n\n\n<p>A pesar de que se conocen montos de inversi\u00f3n y vol\u00famenes estimados de almacenamiento, las autoridades a\u00fan no presentan un calendario oficial, por lo que el inicio de los trabajos sigue sin fecha confirmada. Mientras tanto, el proyecto permanece como una promesa pendiente dentro del nuevo plan federal de infraestructura h\u00eddrica.<\/p>\n","protected":false},"excerpt":{"rendered":"<p>Aunque el proyecto de la presa Las Escobas ha sido catalogado como prioritario tanto por el Gobierno Federal como por el Estatal, a\u00fan no existe una fecha definida para el inicio de su construcci\u00f3n. La diputada Nancy Jeanine Garc\u00eda Mart\u00ednez, presidenta de la Comisi\u00f3n del Agua en el Congreso local, se\u00f1al\u00f3 que la obra est\u00e1 [&hellip;]<\/p>\n","protected":false},"author":1,"featured_media":17263,"comment_status":"open","ping_status":"open","sticky":false,"template":"","format":"standard","meta":{"footnotes":""},"categories":[30,24],"tags":[2876,3880,3605,294,261,27],"class_list":{"0":"post-17262","1":"post","2":"type-post","3":"status-publish","4":"format-standard","5":"has-post-thumbnail","7":"category-de-la-region-centro","8":"category-informacion-general","9":"tag-congreso","10":"tag-las-escobas","11":"tag-presa","12":"tag-san-luis","13":"tag-slp","14":"tag-soledad"},"_links":{"self":[{"href":"https:\/\/cronicadesoledad.com\/index.php\/wp-json\/wp\/v2\/posts\/17262","targetHints":{"allow":["GET"]}}],"collection":[{"href":"https:\/\/cronicadesoledad.com\/index.php\/wp-json\/wp\/v2\/posts"}],"about":[{"href":"https:\/\/cronicadesoledad.com\/index.php\/wp-json\/wp\/v2\/types\/post"}],"author":[{"embeddable":true,"href":"https:\/\/cronicadesoledad.com\/index.php\/wp-json\/wp\/v2\/users\/1"}],"replies":[{"embeddable":true,"href":"https:\/\/cronicadesoledad.com\/index.php\/wp-json\/wp\/v2\/comments?post=17262"}],"version-history":[{"count":1,"href":"https:\/\/cronicadesoledad.com\/index.php\/wp-json\/wp\/v2\/posts\/17262\/revisions"}],"predecessor-version":[{"id":17265,"href":"https:\/\/cronicadesoledad.com\/index.php\/wp-json\/wp\/v2\/posts\/17262\/revisions\/17265"}],"wp:featuredmedia":[{"embeddable":true,"href":"https:\/\/cronicadesoledad.com\/index.php\/wp-json\/wp\/v2\/media\/17263"}],"wp:attachment":[{"href":"https:\/\/cronicadesoledad.com\/index.php\/wp-json\/wp\/v2\/media?parent=17262"}],"wp:term":[{"taxonomy":"category","embeddable":true,"href":"https:\/\/cronicadesoledad.com\/index.php\/wp-json\/wp\/v2\/categories?post=17262"},{"taxonomy":"post_tag","embeddable":true,"href":"https:\/\/cronicadesoledad.com\/index.php\/wp-json\/wp\/v2\/tags?post=17262"}],"curies":[{"name":"wp","href":"https:\/\/api.w.org\/{rel}","templated":true}]}}