{"id":17284,"date":"2025-04-09T23:00:00","date_gmt":"2025-04-10T05:00:00","guid":{"rendered":"https:\/\/cronicadesoledad.com\/?p=17284"},"modified":"2025-04-09T20:34:08","modified_gmt":"2025-04-10T02:34:08","slug":"curso-de-belleza-en-villa-de-pozos-abre-camino-al-emprendimiento-juvenil","status":"publish","type":"post","link":"https:\/\/cronicadesoledad.com\/index.php\/2025\/04\/09\/curso-de-belleza-en-villa-de-pozos-abre-camino-al-emprendimiento-juvenil\/","title":{"rendered":"Curso de belleza en Villa de Pozos abre camino al emprendimiento juvenil"},"content":{"rendered":"\n<p>Con la idea de convertir el talento local en oportunidades reales de crecimiento, el Gobierno de Villa de Pozos, a trav\u00e9s del Instituto Municipal de la Juventud, lanz\u00f3 un nuevo curso de extensi\u00f3n de cabello y bases permanentes, pensado para quienes buscan aprender un oficio pr\u00e1ctico y rentable.<\/p>\n\n\n\n<p>Este taller, accesible para hombres y mujeres, se imparte dos veces por semana \u2014martes y viernes de 3 a 5 de la tarde\u2014 en las instalaciones del Instituto, ubicadas en Calle 71 esquina con Calle 30, en Prados Segunda Secci\u00f3n. El costo de recuperaci\u00f3n es de apenas 50 pesos, aunque el material se adquiere por cuenta propia.<\/p>\n\n\n\n<p>El director del Instituto, Jos\u00e9 de Jes\u00fas Espinosa Ortiz, explic\u00f3 que el curso est\u00e1 orientado principalmente a la pr\u00e1ctica, con un 90% de actividades aplicadas y solo un 10% de teor\u00eda. Al finalizar, los participantes recibir\u00e1n un diploma que certifica los conocimientos adquiridos.<\/p>\n\n\n\n<p>M\u00e1s all\u00e1 del aprendizaje t\u00e9cnico, esta iniciativa busca ofrecer una v\u00eda para que los j\u00f3venes inicien sus propios negocios en el ramo de la belleza, un sector en constante crecimiento. Se trata de una apuesta directa por el emprendimiento, la independencia econ\u00f3mica y el desarrollo de habilidades con impacto inmediato en la vida diaria.<\/p>\n","protected":false},"excerpt":{"rendered":"<p>Con la idea de convertir el talento local en oportunidades reales de crecimiento, el Gobierno de Villa de Pozos, a trav\u00e9s del Instituto Municipal de la Juventud, lanz\u00f3 un nuevo curso de extensi\u00f3n de cabello y bases permanentes, pensado para quienes buscan aprender un oficio pr\u00e1ctico y rentable. Este taller, accesible para hombres y mujeres, [&hellip;]<\/p>\n","protected":false},"author":1,"featured_media":17285,"comment_status":"open","ping_status":"open","sticky":false,"template":"","format":"standard","meta":{"footnotes":""},"categories":[24,3175],"tags":[3886,855,294,261,1068],"class_list":{"0":"post-17284","1":"post","2":"type-post","3":"status-publish","4":"format-standard","5":"has-post-thumbnail","7":"category-informacion-general","8":"category-pozos","9":"tag-curso-de-belleza","10":"tag-jovenes","11":"tag-san-luis","12":"tag-slp","13":"tag-villa-de-pozos"},"_links":{"self":[{"href":"https:\/\/cronicadesoledad.com\/index.php\/wp-json\/wp\/v2\/posts\/17284","targetHints":{"allow":["GET"]}}],"collection":[{"href":"https:\/\/cronicadesoledad.com\/index.php\/wp-json\/wp\/v2\/posts"}],"about":[{"href":"https:\/\/cronicadesoledad.com\/index.php\/wp-json\/wp\/v2\/types\/post"}],"author":[{"embeddable":true,"href":"https:\/\/cronicadesoledad.com\/index.php\/wp-json\/wp\/v2\/users\/1"}],"replies":[{"embeddable":true,"href":"https:\/\/cronicadesoledad.com\/index.php\/wp-json\/wp\/v2\/comments?post=17284"}],"version-history":[{"count":1,"href":"https:\/\/cronicadesoledad.com\/index.php\/wp-json\/wp\/v2\/posts\/17284\/revisions"}],"predecessor-version":[{"id":17286,"href":"https:\/\/cronicadesoledad.com\/index.php\/wp-json\/wp\/v2\/posts\/17284\/revisions\/17286"}],"wp:featuredmedia":[{"embeddable":true,"href":"https:\/\/cronicadesoledad.com\/index.php\/wp-json\/wp\/v2\/media\/17285"}],"wp:attachment":[{"href":"https:\/\/cronicadesoledad.com\/index.php\/wp-json\/wp\/v2\/media?parent=17284"}],"wp:term":[{"taxonomy":"category","embeddable":true,"href":"https:\/\/cronicadesoledad.com\/index.php\/wp-json\/wp\/v2\/categories?post=17284"},{"taxonomy":"post_tag","embeddable":true,"href":"https:\/\/cronicadesoledad.com\/index.php\/wp-json\/wp\/v2\/tags?post=17284"}],"curies":[{"name":"wp","href":"https:\/\/api.w.org\/{rel}","templated":true}]}}