{"id":17304,"date":"2025-04-10T19:30:00","date_gmt":"2025-04-11T01:30:00","guid":{"rendered":"https:\/\/cronicadesoledad.com\/?p=17304"},"modified":"2025-04-10T16:55:59","modified_gmt":"2025-04-10T22:55:59","slug":"reconocen-a-ricardo-gallardo-por-seguro-para-estudiantes","status":"publish","type":"post","link":"https:\/\/cronicadesoledad.com\/index.php\/2025\/04\/10\/reconocen-a-ricardo-gallardo-por-seguro-para-estudiantes\/","title":{"rendered":"Reconocen a Ricardo Gallardo por seguro para estudiantes"},"content":{"rendered":"\n<p>Tras el arranque del Apoyo Seguro al Estudiante (ASE) en Villa de Pozos, por parte del Gobernador Ricardo Gallardo Cardona, la diputada local Martha Patricia Aradillas, y docentes de la secundaria L\u00e1zaro C\u00e1rdenas del R\u00edo, resaltaron que este programa impactar\u00e1 en la seguridad de las y los alumnos y generar\u00e1 tranquilidad en las familias, al reconocer que San Luis Potos\u00ed es el primero en el pa\u00eds en implementar un programa de estos alcances.<\/p>\n\n\n\n<p>La diputada local coment\u00f3 que las familias muchas veces se ven preocupadas por alg\u00fan desafortunado accidente y no tienen a d\u00f3nde llevar a sus hijas e hijos, sin embargo, \u201cahora cuentan con el total apoyo del Gobernador\u201d.<\/p>\n\n\n\n<p>El director de la secundaria, Jos\u00e9 Noel P\u00e9rez C\u00e1zares, resalt\u00f3 que, adem\u00e1s de ofrecer seguridad, el seguro permitir\u00e1 una mayor tranquilidad en actividades deportivas, culturales y excursiones, \u201cbeneficiando a estudiantes, madres y padres de familia\u201d.<\/p>\n\n\n\n<p>Por su parte, el profesor Jos\u00e9 Luis Ponce Rodr\u00edguez, celebr\u00f3 la iniciativa, al reconocer que este seguro cubre una necesidad de largo tiempo al garantizar la atenci\u00f3n m\u00e9dica en situaciones imprevistas, por lo que agradeci\u00f3 la disposici\u00f3n del Mandatario Ricardo Gallardo \u201cpor brindar apoyo en educaci\u00f3n\u201d.<\/p>\n","protected":false},"excerpt":{"rendered":"<p>Tras el arranque del Apoyo Seguro al Estudiante (ASE) en Villa de Pozos, por parte del Gobernador Ricardo Gallardo Cardona, la diputada local Martha Patricia Aradillas, y docentes de la secundaria L\u00e1zaro C\u00e1rdenas del R\u00edo, resaltaron que este programa impactar\u00e1 en la seguridad de las y los alumnos y generar\u00e1 tranquilidad en las familias, al [&hellip;]<\/p>\n","protected":false},"author":1,"featured_media":17305,"comment_status":"open","ping_status":"open","sticky":false,"template":"","format":"standard","meta":{"footnotes":""},"categories":[3240,24,3175],"tags":[320,177,294,261,1068],"class_list":{"0":"post-17304","1":"post","2":"type-post","3":"status-publish","4":"format-standard","5":"has-post-thumbnail","7":"category-educacion","8":"category-informacion-general","9":"category-pozos","10":"tag-educacion","11":"tag-ricardo-gallardo","12":"tag-san-luis","13":"tag-slp","14":"tag-villa-de-pozos"},"_links":{"self":[{"href":"https:\/\/cronicadesoledad.com\/index.php\/wp-json\/wp\/v2\/posts\/17304","targetHints":{"allow":["GET"]}}],"collection":[{"href":"https:\/\/cronicadesoledad.com\/index.php\/wp-json\/wp\/v2\/posts"}],"about":[{"href":"https:\/\/cronicadesoledad.com\/index.php\/wp-json\/wp\/v2\/types\/post"}],"author":[{"embeddable":true,"href":"https:\/\/cronicadesoledad.com\/index.php\/wp-json\/wp\/v2\/users\/1"}],"replies":[{"embeddable":true,"href":"https:\/\/cronicadesoledad.com\/index.php\/wp-json\/wp\/v2\/comments?post=17304"}],"version-history":[{"count":1,"href":"https:\/\/cronicadesoledad.com\/index.php\/wp-json\/wp\/v2\/posts\/17304\/revisions"}],"predecessor-version":[{"id":17306,"href":"https:\/\/cronicadesoledad.com\/index.php\/wp-json\/wp\/v2\/posts\/17304\/revisions\/17306"}],"wp:featuredmedia":[{"embeddable":true,"href":"https:\/\/cronicadesoledad.com\/index.php\/wp-json\/wp\/v2\/media\/17305"}],"wp:attachment":[{"href":"https:\/\/cronicadesoledad.com\/index.php\/wp-json\/wp\/v2\/media?parent=17304"}],"wp:term":[{"taxonomy":"category","embeddable":true,"href":"https:\/\/cronicadesoledad.com\/index.php\/wp-json\/wp\/v2\/categories?post=17304"},{"taxonomy":"post_tag","embeddable":true,"href":"https:\/\/cronicadesoledad.com\/index.php\/wp-json\/wp\/v2\/tags?post=17304"}],"curies":[{"name":"wp","href":"https:\/\/api.w.org\/{rel}","templated":true}]}}