{"id":17334,"date":"2025-04-10T20:00:00","date_gmt":"2025-04-11T02:00:00","guid":{"rendered":"https:\/\/cronicadesoledad.com\/?p=17334"},"modified":"2025-04-10T18:14:04","modified_gmt":"2025-04-11T00:14:04","slug":"festival-de-primavera-2025-apuesta-por-la-inclusion","status":"publish","type":"post","link":"https:\/\/cronicadesoledad.com\/index.php\/2025\/04\/10\/festival-de-primavera-2025-apuesta-por-la-inclusion\/","title":{"rendered":"Festival de Primavera 2025 apuesta por la inclusi\u00f3n"},"content":{"rendered":"\n<p>El Festival San Luis en Primavera 2025 integrar\u00e1 por primera vez una serie de acciones orientadas a la inclusi\u00f3n de personas con discapacidad, desde recorridos tur\u00edsticos en lengua de se\u00f1as hasta materiales en braille y tecnolog\u00edas sensoriales en los espect\u00e1culos programados.<\/p>\n\n\n\n<p>Durante la presentaci\u00f3n de estas medidas, el alcalde Enrique Galindo Ceballos anunci\u00f3 que el festival \u2014a celebrarse del 12 al 19 de abril\u2014 incorporar\u00e1 herramientas de accesibilidad como una aplicaci\u00f3n de autodescripci\u00f3n para obras de teatro y la tradicional Procesi\u00f3n del Silencio. Este recurso, operado por personal capacitado, permite a personas con discapacidad visual conocer lo que ocurre en escena a trav\u00e9s de descripciones narradas en tiempo real.<\/p>\n\n\n\n<p>Tambi\u00e9n se utilizar\u00e1n chalecos sensoriales, elementos t\u00e1ctiles para interpretar la Procesi\u00f3n, as\u00ed como se\u00f1al\u00e9tica e infraestructura adaptada para quienes tienen movilidad reducida. Adem\u00e1s, se habilitar\u00e1n espacios preferenciales en eventos masivos y zonas espec\u00edficas para observar actividades como el recorrido procesional.<\/p>\n\n\n\n<p>Galindo subray\u00f3 que por primera vez se han dise\u00f1ado eventos pensados tanto para personas con discapacidad como para el p\u00fablico en general, promoviendo una experiencia compartida.<\/p>\n\n\n\n<p>Con m\u00e1s de 120 actividades en agenda \u2014que abarcan deporte, cultura y turismo\u2014 el festival busca consolidarse como una experiencia sin barreras. El alcalde concluy\u00f3 que estos esfuerzos son parte de un cambio cultural impulsado desde el gobierno municipal, donde cada evento contempla ya criterios de accesibilidad desde su origen.<\/p>\n","protected":false},"excerpt":{"rendered":"<p>El Festival San Luis en Primavera 2025 integrar\u00e1 por primera vez una serie de acciones orientadas a la inclusi\u00f3n de personas con discapacidad, desde recorridos tur\u00edsticos en lengua de se\u00f1as hasta materiales en braille y tecnolog\u00edas sensoriales en los espect\u00e1culos programados. Durante la presentaci\u00f3n de estas medidas, el alcalde Enrique Galindo Ceballos anunci\u00f3 que el [&hellip;]<\/p>\n","protected":false},"author":1,"featured_media":17335,"comment_status":"open","ping_status":"open","sticky":false,"template":"","format":"standard","meta":{"footnotes":""},"categories":[30,24],"tags":[1064,3586,718,294,261,27],"class_list":{"0":"post-17334","1":"post","2":"type-post","3":"status-publish","4":"format-standard","5":"has-post-thumbnail","7":"category-de-la-region-centro","8":"category-informacion-general","9":"tag-enrique-galindo","10":"tag-festival-de-primavera","11":"tag-inclusion","12":"tag-san-luis","13":"tag-slp","14":"tag-soledad"},"_links":{"self":[{"href":"https:\/\/cronicadesoledad.com\/index.php\/wp-json\/wp\/v2\/posts\/17334","targetHints":{"allow":["GET"]}}],"collection":[{"href":"https:\/\/cronicadesoledad.com\/index.php\/wp-json\/wp\/v2\/posts"}],"about":[{"href":"https:\/\/cronicadesoledad.com\/index.php\/wp-json\/wp\/v2\/types\/post"}],"author":[{"embeddable":true,"href":"https:\/\/cronicadesoledad.com\/index.php\/wp-json\/wp\/v2\/users\/1"}],"replies":[{"embeddable":true,"href":"https:\/\/cronicadesoledad.com\/index.php\/wp-json\/wp\/v2\/comments?post=17334"}],"version-history":[{"count":1,"href":"https:\/\/cronicadesoledad.com\/index.php\/wp-json\/wp\/v2\/posts\/17334\/revisions"}],"predecessor-version":[{"id":17336,"href":"https:\/\/cronicadesoledad.com\/index.php\/wp-json\/wp\/v2\/posts\/17334\/revisions\/17336"}],"wp:featuredmedia":[{"embeddable":true,"href":"https:\/\/cronicadesoledad.com\/index.php\/wp-json\/wp\/v2\/media\/17335"}],"wp:attachment":[{"href":"https:\/\/cronicadesoledad.com\/index.php\/wp-json\/wp\/v2\/media?parent=17334"}],"wp:term":[{"taxonomy":"category","embeddable":true,"href":"https:\/\/cronicadesoledad.com\/index.php\/wp-json\/wp\/v2\/categories?post=17334"},{"taxonomy":"post_tag","embeddable":true,"href":"https:\/\/cronicadesoledad.com\/index.php\/wp-json\/wp\/v2\/tags?post=17334"}],"curies":[{"name":"wp","href":"https:\/\/api.w.org\/{rel}","templated":true}]}}