{"id":17369,"date":"2025-04-11T12:00:00","date_gmt":"2025-04-11T18:00:00","guid":{"rendered":"https:\/\/cronicadesoledad.com\/?p=17369"},"modified":"2025-04-11T10:46:58","modified_gmt":"2025-04-11T16:46:58","slug":"san-luis-potosi-destaca-en-seguridad-nacional","status":"publish","type":"post","link":"https:\/\/cronicadesoledad.com\/index.php\/2025\/04\/11\/san-luis-potosi-destaca-en-seguridad-nacional\/","title":{"rendered":"San Luis Potos\u00ed destaca en seguridad nacional"},"content":{"rendered":"\n<p>San Luis Potos\u00ed se encuentra entre los cuatro estados con mejores condiciones de seguridad en el pa\u00eds, afirm\u00f3 el General de Brigada D.E.M. Gerardo Serna, Coordinador Territorial de la Regi\u00f3n Centro-Norte de la Guardia Nacional, durante su visita al estado.<\/p>\n\n\n\n<p>El militar se\u00f1al\u00f3 que, despu\u00e9s de Yucat\u00e1n, La Paz en Baja California Sur y Coahuila, San Luis Potos\u00ed muestra un desempe\u00f1o favorable en seguridad p\u00fablica, con niveles de incidencia delictiva m\u00e1s bajos que en otras regiones. Esta evaluaci\u00f3n se da en el contexto de la toma de protesta del nuevo coordinador estatal de la Guardia Nacional.<\/p>\n\n\n\n<p>Gerardo Serna tambi\u00e9n habl\u00f3 sobre la situaci\u00f3n en otros estados bajo su jurisdicci\u00f3n, como Durango, Zacatecas, Aguascalientes y Guanajuato. En este \u00faltimo, reconoci\u00f3 una disminuci\u00f3n reciente en los homicidios, aunque persisten desaf\u00edos como el robo de combustible. En cuanto a huachicol, el problema principal sigue siendo Guanajuato; en San Luis Potos\u00ed se presenta en menor medida, indic\u00f3.<\/p>\n\n\n\n<p>Sobre el tr\u00e1fico de drogas, el General sostuvo que su presencia en la regi\u00f3n centro-norte es limitada, sin representar, por el momento, una amenaza significativa para las entidades bajo su coordinaci\u00f3n.<\/p>\n","protected":false},"excerpt":{"rendered":"<p>San Luis Potos\u00ed se encuentra entre los cuatro estados con mejores condiciones de seguridad en el pa\u00eds, afirm\u00f3 el General de Brigada D.E.M. Gerardo Serna, Coordinador Territorial de la Regi\u00f3n Centro-Norte de la Guardia Nacional, durante su visita al estado. El militar se\u00f1al\u00f3 que, despu\u00e9s de Yucat\u00e1n, La Paz en Baja California Sur y Coahuila, [&hellip;]<\/p>\n","protected":false},"author":1,"featured_media":17370,"comment_status":"open","ping_status":"open","sticky":false,"template":"","format":"standard","meta":{"footnotes":""},"categories":[30,24],"tags":[2460,287,294,276,261,27],"class_list":{"0":"post-17369","1":"post","2":"type-post","3":"status-publish","4":"format-standard","5":"has-post-thumbnail","7":"category-de-la-region-centro","8":"category-informacion-general","9":"tag-guardia-nacional","10":"tag-nacional","11":"tag-san-luis","12":"tag-seguridad","13":"tag-slp","14":"tag-soledad"},"_links":{"self":[{"href":"https:\/\/cronicadesoledad.com\/index.php\/wp-json\/wp\/v2\/posts\/17369","targetHints":{"allow":["GET"]}}],"collection":[{"href":"https:\/\/cronicadesoledad.com\/index.php\/wp-json\/wp\/v2\/posts"}],"about":[{"href":"https:\/\/cronicadesoledad.com\/index.php\/wp-json\/wp\/v2\/types\/post"}],"author":[{"embeddable":true,"href":"https:\/\/cronicadesoledad.com\/index.php\/wp-json\/wp\/v2\/users\/1"}],"replies":[{"embeddable":true,"href":"https:\/\/cronicadesoledad.com\/index.php\/wp-json\/wp\/v2\/comments?post=17369"}],"version-history":[{"count":1,"href":"https:\/\/cronicadesoledad.com\/index.php\/wp-json\/wp\/v2\/posts\/17369\/revisions"}],"predecessor-version":[{"id":17371,"href":"https:\/\/cronicadesoledad.com\/index.php\/wp-json\/wp\/v2\/posts\/17369\/revisions\/17371"}],"wp:featuredmedia":[{"embeddable":true,"href":"https:\/\/cronicadesoledad.com\/index.php\/wp-json\/wp\/v2\/media\/17370"}],"wp:attachment":[{"href":"https:\/\/cronicadesoledad.com\/index.php\/wp-json\/wp\/v2\/media?parent=17369"}],"wp:term":[{"taxonomy":"category","embeddable":true,"href":"https:\/\/cronicadesoledad.com\/index.php\/wp-json\/wp\/v2\/categories?post=17369"},{"taxonomy":"post_tag","embeddable":true,"href":"https:\/\/cronicadesoledad.com\/index.php\/wp-json\/wp\/v2\/tags?post=17369"}],"curies":[{"name":"wp","href":"https:\/\/api.w.org\/{rel}","templated":true}]}}