{"id":17391,"date":"2025-04-11T14:13:51","date_gmt":"2025-04-11T20:13:51","guid":{"rendered":"https:\/\/cronicadesoledad.com\/?p=17391"},"modified":"2025-04-11T14:13:52","modified_gmt":"2025-04-11T20:13:52","slug":"villa-de-pozos-inaugura-altar-de-dolores","status":"publish","type":"post","link":"https:\/\/cronicadesoledad.com\/index.php\/2025\/04\/11\/villa-de-pozos-inaugura-altar-de-dolores\/","title":{"rendered":"Villa de Pozos inaugura altar de dolores"},"content":{"rendered":"\n<p>En un acto lleno de simbolismo y tradici\u00f3n, el Gobierno de Villa de Pozos, en coordinaci\u00f3n con la direcci\u00f3n de Cultura, llev\u00f3 a cabo la inauguraci\u00f3n del Altar de Dolores en la Biblioteca Municipal \u201cDr. Francisco de As\u00eds Castro\u201d, con motivo del inicio de la Semana Santa y como parte de los esfuerzos por preservar y fomentar las costumbres arraigadas de la localidad.<\/p>\n\n\n\n<p>La Presidenta Concejal, Teresa Rivera Acevedo, reconoci\u00f3 el trabajo realizado por la Direcci\u00f3n de Cultura del municipio en la elaboraci\u00f3n del altar y resalt\u00f3 la importancia de mantener vivas las tradiciones que dan identidad a Villa de Pozos y extendi\u00f3 una invitaci\u00f3n a los poce\u00f1os y a los habitantes del estado potosino a visitar el altar.<\/p>\n\n\n\n<p>En representaci\u00f3n de la Secretar\u00eda de Cultura del Gobierno del Estado, Carlos Reyes felicit\u00f3 al municipio por esta iniciativa y destac\u00f3 que Villa de Pozos es un referente en la transmisi\u00f3n de valores y tradiciones entre generaciones, ya que, este tipo de actividades refuerzan el tejido social al recuperar actos c\u00edvico-religiosos como el Altar de Dolores, s\u00edmbolo del dolor de Mar\u00eda ante la muerte de su hijo Jes\u00fas.<\/p>\n\n\n\n<p>El altar, est\u00e1 compuesto por elementos tradicionales como papel picado, naranjas, palmas, agua te\u00f1ida en tonos verde, blanco y rojo, as\u00ed como los colores lit\u00fargicos morado y blanco, adem\u00e1s de la imagen central de la Virgen Mar\u00eda.<\/p>\n","protected":false},"excerpt":{"rendered":"<p>En un acto lleno de simbolismo y tradici\u00f3n, el Gobierno de Villa de Pozos, en coordinaci\u00f3n con la direcci\u00f3n de Cultura, llev\u00f3 a cabo la inauguraci\u00f3n del Altar de Dolores en la Biblioteca Municipal \u201cDr. Francisco de As\u00eds Castro\u201d, con motivo del inicio de la Semana Santa y como parte de los esfuerzos por preservar [&hellip;]<\/p>\n","protected":false},"author":1,"featured_media":17395,"comment_status":"open","ping_status":"open","sticky":false,"template":"","format":"standard","meta":{"footnotes":""},"categories":[3171,24,3175],"tags":[3549,334,294,261,1068],"class_list":{"0":"post-17391","1":"post","2":"type-post","3":"status-publish","4":"format-standard","5":"has-post-thumbnail","7":"category-cultura","8":"category-informacion-general","9":"category-pozos","10":"tag-altar-de-dolores","11":"tag-cultura","12":"tag-san-luis","13":"tag-slp","14":"tag-villa-de-pozos"},"_links":{"self":[{"href":"https:\/\/cronicadesoledad.com\/index.php\/wp-json\/wp\/v2\/posts\/17391","targetHints":{"allow":["GET"]}}],"collection":[{"href":"https:\/\/cronicadesoledad.com\/index.php\/wp-json\/wp\/v2\/posts"}],"about":[{"href":"https:\/\/cronicadesoledad.com\/index.php\/wp-json\/wp\/v2\/types\/post"}],"author":[{"embeddable":true,"href":"https:\/\/cronicadesoledad.com\/index.php\/wp-json\/wp\/v2\/users\/1"}],"replies":[{"embeddable":true,"href":"https:\/\/cronicadesoledad.com\/index.php\/wp-json\/wp\/v2\/comments?post=17391"}],"version-history":[{"count":1,"href":"https:\/\/cronicadesoledad.com\/index.php\/wp-json\/wp\/v2\/posts\/17391\/revisions"}],"predecessor-version":[{"id":17398,"href":"https:\/\/cronicadesoledad.com\/index.php\/wp-json\/wp\/v2\/posts\/17391\/revisions\/17398"}],"wp:featuredmedia":[{"embeddable":true,"href":"https:\/\/cronicadesoledad.com\/index.php\/wp-json\/wp\/v2\/media\/17395"}],"wp:attachment":[{"href":"https:\/\/cronicadesoledad.com\/index.php\/wp-json\/wp\/v2\/media?parent=17391"}],"wp:term":[{"taxonomy":"category","embeddable":true,"href":"https:\/\/cronicadesoledad.com\/index.php\/wp-json\/wp\/v2\/categories?post=17391"},{"taxonomy":"post_tag","embeddable":true,"href":"https:\/\/cronicadesoledad.com\/index.php\/wp-json\/wp\/v2\/tags?post=17391"}],"curies":[{"name":"wp","href":"https:\/\/api.w.org\/{rel}","templated":true}]}}