{"id":17409,"date":"2025-04-11T19:35:57","date_gmt":"2025-04-12T01:35:57","guid":{"rendered":"https:\/\/cronicadesoledad.com\/?p=17409"},"modified":"2025-04-11T19:35:58","modified_gmt":"2025-04-12T01:35:58","slug":"nuevos-mandos-de-la-guardia-civil-municipal-rindieron-protesta","status":"publish","type":"post","link":"https:\/\/cronicadesoledad.com\/index.php\/2025\/04\/11\/nuevos-mandos-de-la-guardia-civil-municipal-rindieron-protesta\/","title":{"rendered":"Nuevos mandos de la Guardia Civil Municipal rindieron protesta"},"content":{"rendered":"\n<p>Para fortalecer las acciones de paz, tranquilidad y cercan\u00eda en beneficio de la poblaci\u00f3n del municipio, este viernes, el Alcalde Juan Manuel Navarro tom\u00f3 protesta a V\u00edctor Aristarco Serna Pi\u00f1a como nuevo director general de la Guardia Civil Municipal (GCM) y a Itzc\u00f3atl Ulises L\u00f3pez Rend\u00f3n, como titular de Fuerzas Municipales, quienes, a partir de hoy, asumen el compromiso de ejercer sus funciones con la mayor responsabilidad en la protecci\u00f3n de las familias de todo el municipio.<\/p>\n\n\n\n<p>Durante el acto, el Alcalde Navarro Mu\u00f1iz instruy\u00f3 a los nuevos mandos policiales a actuar con profesionalismo y honestidad, enfatizando la importancia de honrar los valores institucionales de la corporaci\u00f3n. Destac\u00f3 la necesidad de continuar y reforzar el plan de trabajo en materia de seguridad p\u00fablica, prevenci\u00f3n del delito y proximidad social, con el objetivo de mejorar los resultados en la lucha contra la incidencia delictiva.<\/p>\n\n\n\n<p>\u201cEl cargo que hoy asumen, implica un compromiso real y firme con las y los soledenses y su salvaguarda, el respeto a los derechos humanos, con profesionalismo, entrega y una conducta ejemplar\u201d, les expres\u00f3 el edil al momento de tomarles la protesta de ley.<\/p>\n\n\n\n<p>V\u00edctor Aristarco Serna Pi\u00f1a, quien anteriormente se desempe\u00f1\u00f3 como titular de Fuerzas Municipales, afirm\u00f3 que la corporaci\u00f3n continuar\u00e1 con los buenos resultados contra la incidencia delictiva, e hizo el anuncio de que se implementar\u00e1n nuevas estrategias y se fortalecer\u00e1n otras para elevar las condiciones de tranquilidad social, con un esquema de trabajo 24\/7. Asimismo, reiter\u00f3 que el estado de fuerza se encuentra preparado para garantizar la seguridad p\u00fablica ante el inicio de las festividades de Semana Santa y de Pascua y de la Feria Nacional de la Enchilada.<\/p>\n\n\n\n<p>El ahora director de Fuerzas Municipales, L\u00f3pez Rend\u00f3n, cuenta con una amplia trayectoria y experiencia en la labor policial, proveniente de la Guardia Civil Estatal, ha sido estado al frente de jefaturas y subjefaturas de \u00e1reas operativas y especializadas en proximidad social, prevenci\u00f3n del delito y atenci\u00f3n a la violencia familiar. \u201cEstamos preparados para sumar nuestro conocimiento y habilidades al plan de trabajo del municipio de Soledad de Graciano S\u00e1nchez, en materia de seguridad, y asegurar resultados por la paz de los soledenses\u201d, afirm\u00f3.<\/p>\n\n\n\n<p>La renovaci\u00f3n de mandos en la Guardia Civil Municipal reitera las acciones firmes y permanentes, instruidas por Juan Manuel Navarro Mu\u00f1iz, con la seguridad y la tranquilidad de las familias, asegurando una transici\u00f3n ordenada y sin contratiempos que respete las estrategias implementadas hasta el momento.<\/p>\n","protected":false},"excerpt":{"rendered":"<p>Para fortalecer las acciones de paz, tranquilidad y cercan\u00eda en beneficio de la poblaci\u00f3n del municipio, este viernes, el Alcalde Juan Manuel Navarro tom\u00f3 protesta a V\u00edctor Aristarco Serna Pi\u00f1a como nuevo director general de la Guardia Civil Municipal (GCM) y a Itzc\u00f3atl Ulises L\u00f3pez Rend\u00f3n, como titular de Fuerzas Municipales, quienes, a partir de [&hellip;]<\/p>\n","protected":false},"author":2,"featured_media":17410,"comment_status":"open","ping_status":"open","sticky":false,"template":"","format":"standard","meta":{"footnotes":""},"categories":[1,24,19,21],"tags":[223,2483,294,276,261,27],"class_list":{"0":"post-17409","1":"post","2":"type-post","3":"status-publish","4":"format-standard","5":"has-post-thumbnail","7":"category-destacadas","8":"category-informacion-general","9":"category-seguridad","10":"category-tu-soledad","11":"tag-ayuntamiento-soledense","12":"tag-guardia-civil-municipal","13":"tag-san-luis","14":"tag-seguridad","15":"tag-slp","16":"tag-soledad"},"_links":{"self":[{"href":"https:\/\/cronicadesoledad.com\/index.php\/wp-json\/wp\/v2\/posts\/17409","targetHints":{"allow":["GET"]}}],"collection":[{"href":"https:\/\/cronicadesoledad.com\/index.php\/wp-json\/wp\/v2\/posts"}],"about":[{"href":"https:\/\/cronicadesoledad.com\/index.php\/wp-json\/wp\/v2\/types\/post"}],"author":[{"embeddable":true,"href":"https:\/\/cronicadesoledad.com\/index.php\/wp-json\/wp\/v2\/users\/2"}],"replies":[{"embeddable":true,"href":"https:\/\/cronicadesoledad.com\/index.php\/wp-json\/wp\/v2\/comments?post=17409"}],"version-history":[{"count":1,"href":"https:\/\/cronicadesoledad.com\/index.php\/wp-json\/wp\/v2\/posts\/17409\/revisions"}],"predecessor-version":[{"id":17411,"href":"https:\/\/cronicadesoledad.com\/index.php\/wp-json\/wp\/v2\/posts\/17409\/revisions\/17411"}],"wp:featuredmedia":[{"embeddable":true,"href":"https:\/\/cronicadesoledad.com\/index.php\/wp-json\/wp\/v2\/media\/17410"}],"wp:attachment":[{"href":"https:\/\/cronicadesoledad.com\/index.php\/wp-json\/wp\/v2\/media?parent=17409"}],"wp:term":[{"taxonomy":"category","embeddable":true,"href":"https:\/\/cronicadesoledad.com\/index.php\/wp-json\/wp\/v2\/categories?post=17409"},{"taxonomy":"post_tag","embeddable":true,"href":"https:\/\/cronicadesoledad.com\/index.php\/wp-json\/wp\/v2\/tags?post=17409"}],"curies":[{"name":"wp","href":"https:\/\/api.w.org\/{rel}","templated":true}]}}