{"id":17428,"date":"2025-04-12T14:00:00","date_gmt":"2025-04-12T20:00:00","guid":{"rendered":"https:\/\/cronicadesoledad.com\/?p=17428"},"modified":"2025-04-12T12:42:00","modified_gmt":"2025-04-12T18:42:00","slug":"fiscalia-detiene-a-tres-sujetos-acusados-de-feminicidio","status":"publish","type":"post","link":"https:\/\/cronicadesoledad.com\/index.php\/2025\/04\/12\/fiscalia-detiene-a-tres-sujetos-acusados-de-feminicidio\/","title":{"rendered":"Fiscal\u00eda detiene a tres sujetos acusados de feminicidio"},"content":{"rendered":"\n<p>Indagatorias implementadas por la Fiscal\u00eda General del Estado de San Luis Potos\u00ed (FGESLP) arrojaron la identidad de tres probables responsables de privar de la vida a una mujer en la Zona Metropolitana.<\/p>\n\n\n\n<p>Estos sujetos habr\u00edan acudido a un centro nocturno de la calle Carlos V de la colonia San Francisco, y presuntamente al avanzar en su estado de ebriedad tuvieron una discusi\u00f3n con la encargada del establecimiento, a quien lesionaron, provoc\u00e1ndole su deceso al poco tiempo.<\/p>\n\n\n\n<p>Personal de la Fiscal\u00eda Especializada en Feminicidios se aboc\u00f3 a esclarecer lo sucedido el 1 de noviembre de 2024 y reunieron datos de prueba en contra de Juan \u201cN\u201d, Jonathan \u201cN\u201d y Gerardo \u201cN\u201d; derivado a ello, se les gir\u00f3 una orden de aprehensi\u00f3n.<\/p>\n\n\n\n<p>Tras diversos trabajos operativos, la Polic\u00eda de Investigaci\u00f3n (PDI) ejecut\u00f3 la detenci\u00f3n de los tres se\u00f1alados en la colonia de los hechos, donde fueron informados sobre el mandato librado en su contra y que estar\u00e1n recluidos en el centro de reinserci\u00f3n social de La Pila en la capital potosina.<\/p>\n\n\n\n<p>Por su parte, la Fiscal\u00eda de Feminicidios est\u00e1 a la espera de la audiencia donde buscar\u00e1 la vinculaci\u00f3n a proceso de los detenidos, en su firme compromiso a la cero tolerancia a la violencia hacia las mujeres en la entidad potosina.<\/p>\n","protected":false},"excerpt":{"rendered":"<p>Indagatorias implementadas por la Fiscal\u00eda General del Estado de San Luis Potos\u00ed (FGESLP) arrojaron la identidad de tres probables responsables de privar de la vida a una mujer en la Zona Metropolitana. Estos sujetos habr\u00edan acudido a un centro nocturno de la calle Carlos V de la colonia San Francisco, y presuntamente al avanzar en [&hellip;]<\/p>\n","protected":false},"author":1,"featured_media":17430,"comment_status":"open","ping_status":"open","sticky":false,"template":"","format":"standard","meta":{"footnotes":""},"categories":[30,24],"tags":[470,472,473,294,276,261,27],"class_list":{"0":"post-17428","1":"post","2":"type-post","3":"status-publish","4":"format-standard","5":"has-post-thumbnail","7":"category-de-la-region-centro","8":"category-informacion-general","9":"tag-detenidos","10":"tag-feminicidio","11":"tag-fgeslp","12":"tag-san-luis","13":"tag-seguridad","14":"tag-slp","15":"tag-soledad"},"_links":{"self":[{"href":"https:\/\/cronicadesoledad.com\/index.php\/wp-json\/wp\/v2\/posts\/17428","targetHints":{"allow":["GET"]}}],"collection":[{"href":"https:\/\/cronicadesoledad.com\/index.php\/wp-json\/wp\/v2\/posts"}],"about":[{"href":"https:\/\/cronicadesoledad.com\/index.php\/wp-json\/wp\/v2\/types\/post"}],"author":[{"embeddable":true,"href":"https:\/\/cronicadesoledad.com\/index.php\/wp-json\/wp\/v2\/users\/1"}],"replies":[{"embeddable":true,"href":"https:\/\/cronicadesoledad.com\/index.php\/wp-json\/wp\/v2\/comments?post=17428"}],"version-history":[{"count":1,"href":"https:\/\/cronicadesoledad.com\/index.php\/wp-json\/wp\/v2\/posts\/17428\/revisions"}],"predecessor-version":[{"id":17431,"href":"https:\/\/cronicadesoledad.com\/index.php\/wp-json\/wp\/v2\/posts\/17428\/revisions\/17431"}],"wp:featuredmedia":[{"embeddable":true,"href":"https:\/\/cronicadesoledad.com\/index.php\/wp-json\/wp\/v2\/media\/17430"}],"wp:attachment":[{"href":"https:\/\/cronicadesoledad.com\/index.php\/wp-json\/wp\/v2\/media?parent=17428"}],"wp:term":[{"taxonomy":"category","embeddable":true,"href":"https:\/\/cronicadesoledad.com\/index.php\/wp-json\/wp\/v2\/categories?post=17428"},{"taxonomy":"post_tag","embeddable":true,"href":"https:\/\/cronicadesoledad.com\/index.php\/wp-json\/wp\/v2\/tags?post=17428"}],"curies":[{"name":"wp","href":"https:\/\/api.w.org\/{rel}","templated":true}]}}