{"id":17435,"date":"2025-04-12T14:00:00","date_gmt":"2025-04-12T20:00:00","guid":{"rendered":"https:\/\/cronicadesoledad.com\/?p=17435"},"modified":"2025-04-12T13:10:23","modified_gmt":"2025-04-12T19:10:23","slug":"silencio-que-duele-madre-de-villa-de-pozos-denuncia-bullying-e-indiferencia-institucional","status":"publish","type":"post","link":"https:\/\/cronicadesoledad.com\/index.php\/2025\/04\/12\/silencio-que-duele-madre-de-villa-de-pozos-denuncia-bullying-e-indiferencia-institucional\/","title":{"rendered":"Silencio que duele: madre de Villa de Pozos denuncia bullying e indiferencia institucional"},"content":{"rendered":"\n<p>El dolor tiene nombre, edad y uniforme escolar. Lo lleva un ni\u00f1o del municipio de Villa de Pozos, alumno de la escuela Benito Ju\u00e1rez, quien durante un a\u00f1o fue blanco de burlas, insultos y finalmente, agresiones f\u00edsicas. El bullying, una palabra que a veces se pronuncia con ligereza, aqu\u00ed tiene consecuencias reales: una infancia quebrada, una madre desgastada y un sistema que mira hacia otro lado.<\/p>\n\n\n\n<p>La madre del menor, con la voz entrecortada y los ojos cargados de impotencia, decidi\u00f3 hablar. Denunciar lo que muchas veces se ignora, lo que se calla por verg\u00fcenza o desesperanza. Su hijo fue v\u00edctima de agresiones verbales constantes durante meses. Nadie intervino. Nadie escuch\u00f3. Solo cuando los insultos se convirtieron en golpes, alguien levant\u00f3 la mirada. Pero fue tarde.<\/p>\n\n\n\n<p>El agresor, seg\u00fan se ha justificado, es un alumno diagnosticado con Trastorno por D\u00e9ficit de Atenci\u00f3n (TDA) y autismo. Sin embargo, esto no deber\u00eda ser excusa para la inacci\u00f3n. La madre denuncia que la escuela no implement\u00f3 ning\u00fan plan de contenci\u00f3n, ni estrategias de convivencia, ni apoyo especializado.<\/p>\n\n\n\n<p>El camino que emprendi\u00f3 en busca de ayuda se convirti\u00f3 en un laberinto burocr\u00e1tico. Toc\u00f3 puertas en el municipio, fue canalizada a Orivalle, luego al DIF municipal de la capital. Y despu\u00e9s, nada. El silencio. Ese que duele tanto como los insultos. En Villa de Pozos, asegura, no hay personal psicol\u00f3gico disponible para atender estos casos. El sistema no est\u00e1 preparado. Y mientras las instituciones se pasan la responsabilidad unas a otras, las familias quedan solas.<\/p>\n\n\n\n<p>El caso ha llegado incluso hasta el gobernador. Pero la respuesta sigue sin llegar. Mientras tanto, su hijo ya no quiere regresar a la escuela. Ha perdido m\u00e1s que clases. Ha perdido seguridad, confianza y la alegr\u00eda de aprender.<\/p>\n\n\n\n<p>Este no es solo un caso aislado de acoso escolar. Es una se\u00f1al de alerta. Es un llamado urgente a revisar c\u00f3mo se est\u00e1n enfrentando \u2014o ignorando\u2014 los conflictos dentro de los planteles educativos. Es tambi\u00e9n una denuncia contra un sistema que revictimiza al no actuar, que minimiza el sufrimiento infantil, que deja a las madres hablando solas en pasillos de oficina.<\/p>\n\n\n\n<p>La historia de este ni\u00f1o no debe ser una m\u00e1s en el mont\u00f3n. Es un espejo de una realidad que duele, pero que se debe mirar de frente. Porque el silencio institucional tambi\u00e9n deja cicatrices.<\/p>\n","protected":false},"excerpt":{"rendered":"<p>El dolor tiene nombre, edad y uniforme escolar. Lo lleva un ni\u00f1o del municipio de Villa de Pozos, alumno de la escuela Benito Ju\u00e1rez, quien durante un a\u00f1o fue blanco de burlas, insultos y finalmente, agresiones f\u00edsicas. El bullying, una palabra que a veces se pronuncia con ligereza, aqu\u00ed tiene consecuencias reales: una infancia quebrada, [&hellip;]<\/p>\n","protected":false},"author":1,"featured_media":17438,"comment_status":"open","ping_status":"open","sticky":false,"template":"","format":"standard","meta":{"footnotes":""},"categories":[3240,24,3175],"tags":[3332,3919,294,261,1068],"class_list":{"0":"post-17435","1":"post","2":"type-post","3":"status-publish","4":"format-standard","5":"has-post-thumbnail","7":"category-educacion","8":"category-informacion-general","9":"category-pozos","10":"tag-bullying","11":"tag-indiferencia-institucional","12":"tag-san-luis","13":"tag-slp","14":"tag-villa-de-pozos"},"_links":{"self":[{"href":"https:\/\/cronicadesoledad.com\/index.php\/wp-json\/wp\/v2\/posts\/17435","targetHints":{"allow":["GET"]}}],"collection":[{"href":"https:\/\/cronicadesoledad.com\/index.php\/wp-json\/wp\/v2\/posts"}],"about":[{"href":"https:\/\/cronicadesoledad.com\/index.php\/wp-json\/wp\/v2\/types\/post"}],"author":[{"embeddable":true,"href":"https:\/\/cronicadesoledad.com\/index.php\/wp-json\/wp\/v2\/users\/1"}],"replies":[{"embeddable":true,"href":"https:\/\/cronicadesoledad.com\/index.php\/wp-json\/wp\/v2\/comments?post=17435"}],"version-history":[{"count":1,"href":"https:\/\/cronicadesoledad.com\/index.php\/wp-json\/wp\/v2\/posts\/17435\/revisions"}],"predecessor-version":[{"id":17439,"href":"https:\/\/cronicadesoledad.com\/index.php\/wp-json\/wp\/v2\/posts\/17435\/revisions\/17439"}],"wp:featuredmedia":[{"embeddable":true,"href":"https:\/\/cronicadesoledad.com\/index.php\/wp-json\/wp\/v2\/media\/17438"}],"wp:attachment":[{"href":"https:\/\/cronicadesoledad.com\/index.php\/wp-json\/wp\/v2\/media?parent=17435"}],"wp:term":[{"taxonomy":"category","embeddable":true,"href":"https:\/\/cronicadesoledad.com\/index.php\/wp-json\/wp\/v2\/categories?post=17435"},{"taxonomy":"post_tag","embeddable":true,"href":"https:\/\/cronicadesoledad.com\/index.php\/wp-json\/wp\/v2\/tags?post=17435"}],"curies":[{"name":"wp","href":"https:\/\/api.w.org\/{rel}","templated":true}]}}