{"id":17440,"date":"2025-04-12T15:00:00","date_gmt":"2025-04-12T21:00:00","guid":{"rendered":"https:\/\/cronicadesoledad.com\/?p=17440"},"modified":"2025-04-12T13:27:18","modified_gmt":"2025-04-12T19:27:18","slug":"villa-de-pozos-impulsa-talleres-con-perspectiva-de-genero-en-escuelas","status":"publish","type":"post","link":"https:\/\/cronicadesoledad.com\/index.php\/2025\/04\/12\/villa-de-pozos-impulsa-talleres-con-perspectiva-de-genero-en-escuelas\/","title":{"rendered":"Villa de Pozos impulsa talleres con perspectiva de g\u00e9nero en escuelas"},"content":{"rendered":"\n<p>En un municipio donde el crecimiento no solo se mide en obras, sino en cambios culturales, la Instancia de la Mujer de Villa de Pozos ha decidido comenzar por lo esencial: la educaci\u00f3n de ni\u00f1as, ni\u00f1os y adolescentes. Esta semana arranca una serie de talleres en escuelas de nivel b\u00e1sico con un enfoque claro: prevenir la violencia y fomentar la igualdad desde las aulas.<\/p>\n\n\n\n<p>El primer paso se dar\u00e1 en la Escuela Secundaria T\u00e9cnica n\u00famero 86, donde personal especializado trabajar\u00e1 directamente con el alumnado. El objetivo no es solo hablar de g\u00e9nero o respeto, sino ofrecer herramientas reales que les permitan identificar y frenar situaciones de violencia que muchas veces se normalizan. La apuesta es formar generaciones m\u00e1s conscientes, menos propensas a repetir patrones que tanto da\u00f1o han causado.<\/p>\n\n\n\n<p>Se trata de crear espacios donde los y las j\u00f3venes puedan cuestionar lo que han aprendido, donde sepan que no est\u00e1n solos si viven o presencian violencia, y donde entiendan que el respeto no es negociable, coment\u00f3 Nelly L\u00f3pez Soto, directora de la Instancia.<\/p>\n\n\n\n<p>Pero esta estrategia no se queda en los salones. En paralelo, el municipio busca fortalecer a otro sector fundamental: las mujeres emprendedoras. Se promover\u00e1n redes de apoyo entre vecinas que ya tienen un negocio o sue\u00f1an con iniciar uno, a quienes se brindar\u00e1 asesor\u00eda profesional y acompa\u00f1amiento personalizado. La idea es clara: una mujer con autonom\u00eda econ\u00f3mica tiene m\u00e1s herramientas para romper ciclos de violencia.<\/p>\n\n\n\n<p>Adem\u00e1s, la Instancia de la Mujer contin\u00faa ofreciendo atenci\u00f3n psicol\u00f3gica y jur\u00eddica gratuita a todas las mujeres de Villa de Pozos. Este servicio se brinda en un lugar accesible: la Biblioteca Municipal Dr. Francisco de As\u00eds Castro, justo en el coraz\u00f3n de la plaza principal.<\/p>\n\n\n\n<p>En tiempos donde la violencia muchas veces se oculta en lo cotidiano, apostar por la prevenci\u00f3n, la escucha activa y el empoderamiento no es solo una pol\u00edtica p\u00fablica: es un acto de esperanza.<\/p>\n","protected":false},"excerpt":{"rendered":"<p>En un municipio donde el crecimiento no solo se mide en obras, sino en cambios culturales, la Instancia de la Mujer de Villa de Pozos ha decidido comenzar por lo esencial: la educaci\u00f3n de ni\u00f1as, ni\u00f1os y adolescentes. Esta semana arranca una serie de talleres en escuelas de nivel b\u00e1sico con un enfoque claro: prevenir [&hellip;]<\/p>\n","protected":false},"author":1,"featured_media":17441,"comment_status":"open","ping_status":"open","sticky":false,"template":"","format":"standard","meta":{"footnotes":""},"categories":[3240,24,3175],"tags":[320,3920,294,261,1068],"class_list":{"0":"post-17440","1":"post","2":"type-post","3":"status-publish","4":"format-standard","5":"has-post-thumbnail","7":"category-educacion","8":"category-informacion-general","9":"category-pozos","10":"tag-educacion","11":"tag-perspectiva-de-genero","12":"tag-san-luis","13":"tag-slp","14":"tag-villa-de-pozos"},"_links":{"self":[{"href":"https:\/\/cronicadesoledad.com\/index.php\/wp-json\/wp\/v2\/posts\/17440","targetHints":{"allow":["GET"]}}],"collection":[{"href":"https:\/\/cronicadesoledad.com\/index.php\/wp-json\/wp\/v2\/posts"}],"about":[{"href":"https:\/\/cronicadesoledad.com\/index.php\/wp-json\/wp\/v2\/types\/post"}],"author":[{"embeddable":true,"href":"https:\/\/cronicadesoledad.com\/index.php\/wp-json\/wp\/v2\/users\/1"}],"replies":[{"embeddable":true,"href":"https:\/\/cronicadesoledad.com\/index.php\/wp-json\/wp\/v2\/comments?post=17440"}],"version-history":[{"count":1,"href":"https:\/\/cronicadesoledad.com\/index.php\/wp-json\/wp\/v2\/posts\/17440\/revisions"}],"predecessor-version":[{"id":17442,"href":"https:\/\/cronicadesoledad.com\/index.php\/wp-json\/wp\/v2\/posts\/17440\/revisions\/17442"}],"wp:featuredmedia":[{"embeddable":true,"href":"https:\/\/cronicadesoledad.com\/index.php\/wp-json\/wp\/v2\/media\/17441"}],"wp:attachment":[{"href":"https:\/\/cronicadesoledad.com\/index.php\/wp-json\/wp\/v2\/media?parent=17440"}],"wp:term":[{"taxonomy":"category","embeddable":true,"href":"https:\/\/cronicadesoledad.com\/index.php\/wp-json\/wp\/v2\/categories?post=17440"},{"taxonomy":"post_tag","embeddable":true,"href":"https:\/\/cronicadesoledad.com\/index.php\/wp-json\/wp\/v2\/tags?post=17440"}],"curies":[{"name":"wp","href":"https:\/\/api.w.org\/{rel}","templated":true}]}}