{"id":17443,"date":"2025-04-12T16:00:00","date_gmt":"2025-04-12T22:00:00","guid":{"rendered":"https:\/\/cronicadesoledad.com\/?p=17443"},"modified":"2025-04-12T13:39:59","modified_gmt":"2025-04-12T19:39:59","slug":"villa-de-pozos-avanza-hacia-un-cambio-verdadero-tere-rivera","status":"publish","type":"post","link":"https:\/\/cronicadesoledad.com\/index.php\/2025\/04\/12\/villa-de-pozos-avanza-hacia-un-cambio-verdadero-tere-rivera\/","title":{"rendered":"Villa de Pozos avanza hacia un cambio verdadero: Tere Rivera"},"content":{"rendered":"\n<p>Con el firme prop\u00f3sito de atender las necesidades de los habitantes del municipio, el Gobierno de Villa de Pozos, encabezado por la Presidenta Concejal, Teresa Rivera Acevedo, est\u00e1 comprometido con generar un verdadero cambio en la comunidad, tras a\u00f1os de abandono y desinter\u00e9s por parte de las administraciones anteriores.<\/p>\n\n\n\n<p>La Presidenta Concejal, destac\u00f3 que, desde la consolidaci\u00f3n de Villa de Pozos como municipio independiente, su principal objetivo es atender de manera integral las necesidades de los poce\u00f1os para servir, proteger y hacer realidad el cambio que los habitantes del municipio deseaban.<\/p>\n\n\n\n<p>Rivera Acevedo, afirm\u00f3 que los poce\u00f1os merecen un municipio digno, libre del rezago y desatenci\u00f3n para construir un futuro mejor y tener como prioridad las necesidades de los habitantes para reflejar el esfuerzo y el compromiso con un futuro de progreso, bienestar y calidad de vida mejor.<\/p>\n","protected":false},"excerpt":{"rendered":"<p>Con el firme prop\u00f3sito de atender las necesidades de los habitantes del municipio, el Gobierno de Villa de Pozos, encabezado por la Presidenta Concejal, Teresa Rivera Acevedo, est\u00e1 comprometido con generar un verdadero cambio en la comunidad, tras a\u00f1os de abandono y desinter\u00e9s por parte de las administraciones anteriores. La Presidenta Concejal, destac\u00f3 que, desde [&hellip;]<\/p>\n","protected":false},"author":1,"featured_media":17444,"comment_status":"open","ping_status":"open","sticky":false,"template":"","format":"standard","meta":{"footnotes":""},"categories":[24,3175],"tags":[294,261,3251,1068],"class_list":{"0":"post-17443","1":"post","2":"type-post","3":"status-publish","4":"format-standard","5":"has-post-thumbnail","7":"category-informacion-general","8":"category-pozos","9":"tag-san-luis","10":"tag-slp","11":"tag-teresa-rivera","12":"tag-villa-de-pozos"},"_links":{"self":[{"href":"https:\/\/cronicadesoledad.com\/index.php\/wp-json\/wp\/v2\/posts\/17443","targetHints":{"allow":["GET"]}}],"collection":[{"href":"https:\/\/cronicadesoledad.com\/index.php\/wp-json\/wp\/v2\/posts"}],"about":[{"href":"https:\/\/cronicadesoledad.com\/index.php\/wp-json\/wp\/v2\/types\/post"}],"author":[{"embeddable":true,"href":"https:\/\/cronicadesoledad.com\/index.php\/wp-json\/wp\/v2\/users\/1"}],"replies":[{"embeddable":true,"href":"https:\/\/cronicadesoledad.com\/index.php\/wp-json\/wp\/v2\/comments?post=17443"}],"version-history":[{"count":1,"href":"https:\/\/cronicadesoledad.com\/index.php\/wp-json\/wp\/v2\/posts\/17443\/revisions"}],"predecessor-version":[{"id":17445,"href":"https:\/\/cronicadesoledad.com\/index.php\/wp-json\/wp\/v2\/posts\/17443\/revisions\/17445"}],"wp:featuredmedia":[{"embeddable":true,"href":"https:\/\/cronicadesoledad.com\/index.php\/wp-json\/wp\/v2\/media\/17444"}],"wp:attachment":[{"href":"https:\/\/cronicadesoledad.com\/index.php\/wp-json\/wp\/v2\/media?parent=17443"}],"wp:term":[{"taxonomy":"category","embeddable":true,"href":"https:\/\/cronicadesoledad.com\/index.php\/wp-json\/wp\/v2\/categories?post=17443"},{"taxonomy":"post_tag","embeddable":true,"href":"https:\/\/cronicadesoledad.com\/index.php\/wp-json\/wp\/v2\/tags?post=17443"}],"curies":[{"name":"wp","href":"https:\/\/api.w.org\/{rel}","templated":true}]}}