{"id":17455,"date":"2025-04-13T14:00:00","date_gmt":"2025-04-13T20:00:00","guid":{"rendered":"https:\/\/cronicadesoledad.com\/?p=17455"},"modified":"2025-04-13T12:22:20","modified_gmt":"2025-04-13T18:22:20","slug":"ataque-ruso-deja-32-muertos-en-sumy-y-eleva-tension-en-ucrania","status":"publish","type":"post","link":"https:\/\/cronicadesoledad.com\/index.php\/2025\/04\/13\/ataque-ruso-deja-32-muertos-en-sumy-y-eleva-tension-en-ucrania\/","title":{"rendered":"Ataque ruso deja 32 muertos en Sumy y eleva tensi\u00f3n en Ucrania"},"content":{"rendered":"\n<p>Un ataque con misiles bal\u00edsticos rusos en el centro de la ciudad ucraniana de Sumy dej\u00f3 al menos 32 personas muertas y m\u00e1s de 80 heridas la ma\u00f1ana del domingo, seg\u00fan autoridades locales. El bombardeo, uno de los m\u00e1s letales en lo que va del a\u00f1o, ocurri\u00f3 durante el Domingo de Ramos, d\u00eda en que muchas personas se encontraban en las calles por motivos religiosos.<\/p>\n\n\n\n<p>El presidente Volod\u00edmir Zelenski conden\u00f3 el ataque y pidi\u00f3 una respuesta m\u00e1s firme por parte de Estados Unidos y Europa. En las im\u00e1genes difundidas se observan veh\u00edculos destruidos, cuerpos en la v\u00eda p\u00fablica y restos calcinados.<\/p>\n\n\n\n<p>El ministro del Interior, Ihor Klymenko, detall\u00f3 que las v\u00edctimas se encontraban en la calle, dentro de coches, en el transporte p\u00fablico y en edificios alcanzados por las explosiones. Seg\u00fan el jefe de gabinete de Zelenski, Andriy Yermak, los misiles portaban municiones de racimo, lo que agrav\u00f3 el impacto sobre la poblaci\u00f3n civil.<\/p>\n\n\n\n<p>El bombardeo ocurre en un momento pol\u00edticamente delicado. Apenas dos d\u00edas antes, el enviado especial del expresidente estadounidense Donald Trump, Steve Witkoff, se reuni\u00f3 con Vlad\u00edmir Putin en San Petersburgo para discutir posibles v\u00edas de negociaci\u00f3n hacia un acuerdo de paz. El ataque en Sumy, subray\u00f3 un funcionario de seguridad ucraniano, lleg\u00f3 inmediatamente despu\u00e9s de dicha visita.<\/p>\n\n\n\n<p>En paralelo, el Ministerio de Defensa ruso acus\u00f3 a Ucrania de lanzar cinco ataques contra infraestructura energ\u00e9tica rusa, en violaci\u00f3n de una moratoria pactada entre ambos pa\u00edses con mediaci\u00f3n estadounidense. Aunque en marzo ambas naciones acordaron frenar los ataques a instalaciones energ\u00e9ticas, ambas se han acusado mutuamente de no respetar ese compromiso.<\/p>\n\n\n\n<p>El gobierno ucraniano insiste en que Mosc\u00fa utiliza el terror como estrategia y advierte que los esfuerzos diplom\u00e1ticos son insuficientes si no van acompa\u00f1ados de presi\u00f3n real. En palabras de Zelenski: \u201cRusia quiere exactamente este tipo de terror y est\u00e1 alargando esta guerra. Sin presi\u00f3n sobre el agresor, la paz es imposible. Las conversaciones nunca han detenido los misiles bal\u00edsticos y las bombas a\u00e9reas\u201d.<\/p>\n","protected":false},"excerpt":{"rendered":"<p>Un ataque con misiles bal\u00edsticos rusos en el centro de la ciudad ucraniana de Sumy dej\u00f3 al menos 32 personas muertas y m\u00e1s de 80 heridas la ma\u00f1ana del domingo, seg\u00fan autoridades locales. El bombardeo, uno de los m\u00e1s letales en lo que va del a\u00f1o, ocurri\u00f3 durante el Domingo de Ramos, d\u00eda en que [&hellip;]<\/p>\n","protected":false},"author":1,"featured_media":17456,"comment_status":"open","ping_status":"open","sticky":false,"template":"","format":"standard","meta":{"footnotes":""},"categories":[30,24],"tags":[3926,288,2905,927,294,261,27,3515,3569],"class_list":{"0":"post-17455","1":"post","2":"type-post","3":"status-publish","4":"format-standard","5":"has-post-thumbnail","7":"category-de-la-region-centro","8":"category-informacion-general","9":"tag-bombardeo","10":"tag-internacional","11":"tag-muertos","12":"tag-rusia","13":"tag-san-luis","14":"tag-slp","15":"tag-soledad","16":"tag-ucrania","17":"tag-zelenski"},"_links":{"self":[{"href":"https:\/\/cronicadesoledad.com\/index.php\/wp-json\/wp\/v2\/posts\/17455","targetHints":{"allow":["GET"]}}],"collection":[{"href":"https:\/\/cronicadesoledad.com\/index.php\/wp-json\/wp\/v2\/posts"}],"about":[{"href":"https:\/\/cronicadesoledad.com\/index.php\/wp-json\/wp\/v2\/types\/post"}],"author":[{"embeddable":true,"href":"https:\/\/cronicadesoledad.com\/index.php\/wp-json\/wp\/v2\/users\/1"}],"replies":[{"embeddable":true,"href":"https:\/\/cronicadesoledad.com\/index.php\/wp-json\/wp\/v2\/comments?post=17455"}],"version-history":[{"count":1,"href":"https:\/\/cronicadesoledad.com\/index.php\/wp-json\/wp\/v2\/posts\/17455\/revisions"}],"predecessor-version":[{"id":17457,"href":"https:\/\/cronicadesoledad.com\/index.php\/wp-json\/wp\/v2\/posts\/17455\/revisions\/17457"}],"wp:featuredmedia":[{"embeddable":true,"href":"https:\/\/cronicadesoledad.com\/index.php\/wp-json\/wp\/v2\/media\/17456"}],"wp:attachment":[{"href":"https:\/\/cronicadesoledad.com\/index.php\/wp-json\/wp\/v2\/media?parent=17455"}],"wp:term":[{"taxonomy":"category","embeddable":true,"href":"https:\/\/cronicadesoledad.com\/index.php\/wp-json\/wp\/v2\/categories?post=17455"},{"taxonomy":"post_tag","embeddable":true,"href":"https:\/\/cronicadesoledad.com\/index.php\/wp-json\/wp\/v2\/tags?post=17455"}],"curies":[{"name":"wp","href":"https:\/\/api.w.org\/{rel}","templated":true}]}}