{"id":17458,"date":"2025-04-13T15:00:00","date_gmt":"2025-04-13T21:00:00","guid":{"rendered":"https:\/\/cronicadesoledad.com\/?p=17458"},"modified":"2025-04-13T12:32:55","modified_gmt":"2025-04-13T18:32:55","slug":"slp-y-corea-del-sur-estrechan-vinculos-culturales-con-exposicion-en-paseo-esmeralda","status":"publish","type":"post","link":"https:\/\/cronicadesoledad.com\/index.php\/2025\/04\/13\/slp-y-corea-del-sur-estrechan-vinculos-culturales-con-exposicion-en-paseo-esmeralda\/","title":{"rendered":"SLP y Corea del Sur estrechan v\u00ednculos culturales con exposici\u00f3n en Paseo Esmeralda"},"content":{"rendered":"\n<p>San Luis Potos\u00ed inaugur\u00f3 este s\u00e1bado la exposici\u00f3n Latitudes Compartidas. Una mirada a la Rep\u00fablica de Corea, como parte del Festival Internacional San Luis en Primavera y del programa de actividades de la Red de Ciudades del Aprendizaje. La muestra, instalada en el Paseo Esmeralda, forma parte tambi\u00e9n del camino hacia el nombramiento de la ciudad como Capital Americana de la Cultura 2025.<\/p>\n\n\n\n<p>El acto inaugural cont\u00f3 con la presencia de Enrique Galindo Ceballos, presidente municipal de San Luis Capital, y de autoridades de Corea del Sur como Kim Me-Kyung, alcaldesa de Eunpyeong y presidenta de la Asociaci\u00f3n Nacional de Ciudades del Aprendizaje coreana. Tambi\u00e9n acudieron representantes de las ciudades de Gonju, Yanggu, Suwon, as\u00ed como funcionarios de Colombia y diversas localidades mexicanas.<\/p>\n\n\n\n<p>Durante la ceremonia, Galindo Ceballos destac\u00f3 que la exposici\u00f3n es una oportunidad para acercar a la ciudadan\u00eda potosina a la vida contempor\u00e1nea de Corea del Sur, al tiempo que fortalece las relaciones internacionales y fomenta la colaboraci\u00f3n entre ciudades de distintos continentes.<\/p>\n\n\n\n<p>Delegaciones de distintos municipios mexicanos que integran la Red de Ciudades del Aprendizaje \u2014como Pachuca, Puebla, Quer\u00e9taro, Atlixco, Huejotzingo, entre otros\u2014, se sumaron al evento y manifestaron su reconocimiento a la organizaci\u00f3n cultural potosina, as\u00ed como a la hospitalidad brindada por la ciudad sede.<\/p>\n\n\n\n<p>Latitudes Compartidas es una de las actividades que perfilan a San Luis Potos\u00ed como un nodo cultural regional, con vocaci\u00f3n internacional, de cara a su nombramiento continental en 2025.<\/p>\n","protected":false},"excerpt":{"rendered":"<p>San Luis Potos\u00ed inaugur\u00f3 este s\u00e1bado la exposici\u00f3n Latitudes Compartidas. Una mirada a la Rep\u00fablica de Corea, como parte del Festival Internacional San Luis en Primavera y del programa de actividades de la Red de Ciudades del Aprendizaje. La muestra, instalada en el Paseo Esmeralda, forma parte tambi\u00e9n del camino hacia el nombramiento de la [&hellip;]<\/p>\n","protected":false},"author":1,"featured_media":17459,"comment_status":"open","ping_status":"open","sticky":false,"template":"","format":"standard","meta":{"footnotes":""},"categories":[30,24,3163,3080],"tags":[904,334,1064,288,294,261,27],"class_list":{"0":"post-17458","1":"post","2":"type-post","3":"status-publish","4":"format-standard","5":"has-post-thumbnail","7":"category-de-la-region-centro","8":"category-informacion-general","9":"category-san-luis-potosi","10":"category-slp","11":"tag-corea-del-sur","12":"tag-cultura","13":"tag-enrique-galindo","14":"tag-internacional","15":"tag-san-luis","16":"tag-slp","17":"tag-soledad"},"_links":{"self":[{"href":"https:\/\/cronicadesoledad.com\/index.php\/wp-json\/wp\/v2\/posts\/17458","targetHints":{"allow":["GET"]}}],"collection":[{"href":"https:\/\/cronicadesoledad.com\/index.php\/wp-json\/wp\/v2\/posts"}],"about":[{"href":"https:\/\/cronicadesoledad.com\/index.php\/wp-json\/wp\/v2\/types\/post"}],"author":[{"embeddable":true,"href":"https:\/\/cronicadesoledad.com\/index.php\/wp-json\/wp\/v2\/users\/1"}],"replies":[{"embeddable":true,"href":"https:\/\/cronicadesoledad.com\/index.php\/wp-json\/wp\/v2\/comments?post=17458"}],"version-history":[{"count":1,"href":"https:\/\/cronicadesoledad.com\/index.php\/wp-json\/wp\/v2\/posts\/17458\/revisions"}],"predecessor-version":[{"id":17460,"href":"https:\/\/cronicadesoledad.com\/index.php\/wp-json\/wp\/v2\/posts\/17458\/revisions\/17460"}],"wp:featuredmedia":[{"embeddable":true,"href":"https:\/\/cronicadesoledad.com\/index.php\/wp-json\/wp\/v2\/media\/17459"}],"wp:attachment":[{"href":"https:\/\/cronicadesoledad.com\/index.php\/wp-json\/wp\/v2\/media?parent=17458"}],"wp:term":[{"taxonomy":"category","embeddable":true,"href":"https:\/\/cronicadesoledad.com\/index.php\/wp-json\/wp\/v2\/categories?post=17458"},{"taxonomy":"post_tag","embeddable":true,"href":"https:\/\/cronicadesoledad.com\/index.php\/wp-json\/wp\/v2\/tags?post=17458"}],"curies":[{"name":"wp","href":"https:\/\/api.w.org\/{rel}","templated":true}]}}