{"id":17528,"date":"2025-04-14T17:30:00","date_gmt":"2025-04-14T23:30:00","guid":{"rendered":"https:\/\/cronicadesoledad.com\/?p=17528"},"modified":"2025-04-14T16:12:55","modified_gmt":"2025-04-14T22:12:55","slug":"policia-municipal-desmantela-red-de-video-vigilancia-ilegal-en-residencial-del-bosque","status":"publish","type":"post","link":"https:\/\/cronicadesoledad.com\/index.php\/2025\/04\/14\/policia-municipal-desmantela-red-de-video-vigilancia-ilegal-en-residencial-del-bosque\/","title":{"rendered":"Polic\u00eda Municipal desmantela red de video vigilancia ilegal en Residencial del Bosque"},"content":{"rendered":"\n<p>La Secretar\u00eda de Seguridad y Protecci\u00f3n Ciudadana (SSPC), en coordinaci\u00f3n con la Secretar\u00eda de la Defensa Nacional (Defensa) y la Guardia Nacional, realizaron una incursi\u00f3n en el fraccionamiento Residencial del Bosque, desmantelando y retirando una red de 12 c\u00e1maras de vigilancia ilegal.<\/p>\n\n\n\n<p>En el marco del Operativo Interinstitucional, desarrollado conjuntamente por fuerzas federales y el agrupamiento especial de la Polic\u00eda Municipal, se desarroll\u00f3 la incursi\u00f3n derivado de un trabajo de inteligencia social encaminado a realizar acciones para inhibir las conductas delictivas en dicho fraccionamiento.<\/p>\n\n\n\n<p>Fue as\u00ed que durante la inspecci\u00f3n en las \u00e1reas comunes del fraccionamiento, una c\u00e9lula operativa localiz\u00f3 en la azotea de uno de los edificios un total de siete c\u00e1maras de video vigilancia conectadas de manera ilegal, y en otro punto, cinco c\u00e1maras dirigidas hacia otros puntos al exterior.<\/p>\n\n\n\n<p>Posteriormente, los elementos municipales desmontaron el equipo y procedieron con su aseguramiento, adem\u00e1s de recabar varios datos de prueba de diversas actividades delictivas, las cuales han sido presentadas como evidencia a la Fiscal\u00eda General del Estado.<\/p>\n","protected":false},"excerpt":{"rendered":"<p>La Secretar\u00eda de Seguridad y Protecci\u00f3n Ciudadana (SSPC), en coordinaci\u00f3n con la Secretar\u00eda de la Defensa Nacional (Defensa) y la Guardia Nacional, realizaron una incursi\u00f3n en el fraccionamiento Residencial del Bosque, desmantelando y retirando una red de 12 c\u00e1maras de vigilancia ilegal. En el marco del Operativo Interinstitucional, desarrollado conjuntamente por fuerzas federales y el [&hellip;]<\/p>\n","protected":false},"author":1,"featured_media":17529,"comment_status":"open","ping_status":"open","sticky":false,"template":"","format":"standard","meta":{"footnotes":""},"categories":[30,24],"tags":[3955,294,276,261,27,460],"class_list":{"0":"post-17528","1":"post","2":"type-post","3":"status-publish","4":"format-standard","5":"has-post-thumbnail","7":"category-de-la-region-centro","8":"category-informacion-general","9":"tag-red-de-videovigilancia","10":"tag-san-luis","11":"tag-seguridad","12":"tag-slp","13":"tag-soledad","14":"tag-sspc"},"_links":{"self":[{"href":"https:\/\/cronicadesoledad.com\/index.php\/wp-json\/wp\/v2\/posts\/17528","targetHints":{"allow":["GET"]}}],"collection":[{"href":"https:\/\/cronicadesoledad.com\/index.php\/wp-json\/wp\/v2\/posts"}],"about":[{"href":"https:\/\/cronicadesoledad.com\/index.php\/wp-json\/wp\/v2\/types\/post"}],"author":[{"embeddable":true,"href":"https:\/\/cronicadesoledad.com\/index.php\/wp-json\/wp\/v2\/users\/1"}],"replies":[{"embeddable":true,"href":"https:\/\/cronicadesoledad.com\/index.php\/wp-json\/wp\/v2\/comments?post=17528"}],"version-history":[{"count":1,"href":"https:\/\/cronicadesoledad.com\/index.php\/wp-json\/wp\/v2\/posts\/17528\/revisions"}],"predecessor-version":[{"id":17530,"href":"https:\/\/cronicadesoledad.com\/index.php\/wp-json\/wp\/v2\/posts\/17528\/revisions\/17530"}],"wp:featuredmedia":[{"embeddable":true,"href":"https:\/\/cronicadesoledad.com\/index.php\/wp-json\/wp\/v2\/media\/17529"}],"wp:attachment":[{"href":"https:\/\/cronicadesoledad.com\/index.php\/wp-json\/wp\/v2\/media?parent=17528"}],"wp:term":[{"taxonomy":"category","embeddable":true,"href":"https:\/\/cronicadesoledad.com\/index.php\/wp-json\/wp\/v2\/categories?post=17528"},{"taxonomy":"post_tag","embeddable":true,"href":"https:\/\/cronicadesoledad.com\/index.php\/wp-json\/wp\/v2\/tags?post=17528"}],"curies":[{"name":"wp","href":"https:\/\/api.w.org\/{rel}","templated":true}]}}