{"id":17558,"date":"2025-04-15T01:01:29","date_gmt":"2025-04-15T07:01:29","guid":{"rendered":"https:\/\/cronicadesoledad.com\/?p=17558"},"modified":"2025-04-15T01:01:29","modified_gmt":"2025-04-15T07:01:29","slug":"villa-de-pozos-rescata-espacios-publicos-en-santa-rita","status":"publish","type":"post","link":"https:\/\/cronicadesoledad.com\/index.php\/2025\/04\/15\/villa-de-pozos-rescata-espacios-publicos-en-santa-rita\/","title":{"rendered":"Villa de Pozos rescata espacios p\u00fablicos en Santa Rita"},"content":{"rendered":"\n<p>El Gobierno de Villa de Pozos, por instrucciones de la Presidenta Concejal, Teresa Rivera Acevedo, llev\u00f3 a cabo con \u00e9xito la quinta jornada de limpieza y recolecci\u00f3n de residuos s\u00f3lidos en espacios p\u00fablicos en la Plaza Principal de la localidad de Laguna de Santa Rita, ubicada entre la calle Lago de Chapala y la Segunda Privada de Lago de Chapala.<\/p>\n\n\n\n<p>Durante esta jornada, se cont\u00f3 con la participaci\u00f3n activa de las direcciones de Ecolog\u00eda, Parques y Jardines y Servicios Municipales, quienes unieron esfuerzos para dignificar este importante espacio p\u00fablico.<\/p>\n\n\n\n<p>El director de Ecolog\u00eda, Alejandro Leal Espinosa, destac\u00f3 que, gracias a estas jornadas de limpieza, se logra mantener en buen estado distintas \u00e1reas verdes y plazas p\u00fablicas, con el objetivo no solo de recuperarlas, sino de preservarlas y asegurar que sean sitios seguros, limpios y agradables para la convivencia de las y los habitantes.<\/p>\n\n\n\n<p>Destac\u00f3 la relevancia de la participaci\u00f3n ciudadana durante esta actividad, pues la colaboraci\u00f3n de vecinos de la zona fue fundamental para fortalecer el trabajo conjunto entre sociedad y gobierno para promover una cultura de responsabilidad ambiental.<\/p>\n","protected":false},"excerpt":{"rendered":"<p>El Gobierno de Villa de Pozos, por instrucciones de la Presidenta Concejal, Teresa Rivera Acevedo, llev\u00f3 a cabo con \u00e9xito la quinta jornada de limpieza y recolecci\u00f3n de residuos s\u00f3lidos en espacios p\u00fablicos en la Plaza Principal de la localidad de Laguna de Santa Rita, ubicada entre la calle Lago de Chapala y la Segunda [&hellip;]<\/p>\n","protected":false},"author":1,"featured_media":17559,"comment_status":"open","ping_status":"open","sticky":false,"template":"","format":"standard","meta":{"footnotes":""},"categories":[24,3175],"tags":[2508,294,3963,261,1068],"class_list":{"0":"post-17558","1":"post","2":"type-post","3":"status-publish","4":"format-standard","5":"has-post-thumbnail","7":"category-informacion-general","8":"category-pozos","9":"tag-espacios-publicos-2","10":"tag-san-luis","11":"tag-santa-rita","12":"tag-slp","13":"tag-villa-de-pozos"},"_links":{"self":[{"href":"https:\/\/cronicadesoledad.com\/index.php\/wp-json\/wp\/v2\/posts\/17558","targetHints":{"allow":["GET"]}}],"collection":[{"href":"https:\/\/cronicadesoledad.com\/index.php\/wp-json\/wp\/v2\/posts"}],"about":[{"href":"https:\/\/cronicadesoledad.com\/index.php\/wp-json\/wp\/v2\/types\/post"}],"author":[{"embeddable":true,"href":"https:\/\/cronicadesoledad.com\/index.php\/wp-json\/wp\/v2\/users\/1"}],"replies":[{"embeddable":true,"href":"https:\/\/cronicadesoledad.com\/index.php\/wp-json\/wp\/v2\/comments?post=17558"}],"version-history":[{"count":1,"href":"https:\/\/cronicadesoledad.com\/index.php\/wp-json\/wp\/v2\/posts\/17558\/revisions"}],"predecessor-version":[{"id":17560,"href":"https:\/\/cronicadesoledad.com\/index.php\/wp-json\/wp\/v2\/posts\/17558\/revisions\/17560"}],"wp:featuredmedia":[{"embeddable":true,"href":"https:\/\/cronicadesoledad.com\/index.php\/wp-json\/wp\/v2\/media\/17559"}],"wp:attachment":[{"href":"https:\/\/cronicadesoledad.com\/index.php\/wp-json\/wp\/v2\/media?parent=17558"}],"wp:term":[{"taxonomy":"category","embeddable":true,"href":"https:\/\/cronicadesoledad.com\/index.php\/wp-json\/wp\/v2\/categories?post=17558"},{"taxonomy":"post_tag","embeddable":true,"href":"https:\/\/cronicadesoledad.com\/index.php\/wp-json\/wp\/v2\/tags?post=17558"}],"curies":[{"name":"wp","href":"https:\/\/api.w.org\/{rel}","templated":true}]}}