{"id":17567,"date":"2025-04-15T12:30:00","date_gmt":"2025-04-15T18:30:00","guid":{"rendered":"https:\/\/cronicadesoledad.com\/?p=17567"},"modified":"2025-04-15T11:38:36","modified_gmt":"2025-04-15T17:38:36","slug":"inclusion-en-el-festival-en-primavera","status":"publish","type":"post","link":"https:\/\/cronicadesoledad.com\/index.php\/2025\/04\/15\/inclusion-en-el-festival-en-primavera\/","title":{"rendered":"Inclusi\u00f3n en el Festival en Primavera"},"content":{"rendered":"\n<p>En el Festival San Luis en Primavera, la inclusi\u00f3n forma parte de la estructura del evento. A trav\u00e9s de la interpretaci\u00f3n en Lengua de Se\u00f1as Mexicana (LSM) y el uso de chalecos sensoriales, personas sordas participan en los conciertos con mayor accesibilidad y cercan\u00eda a las presentaciones musicales.<\/p>\n\n\n\n<p>Elizabeth Medina de Los Santos, int\u00e9rprete profesional e integrante del equipo Alas de las Artes, participa en esta labor. Explica que muchas personas sordas, al conocer esta opci\u00f3n, han comenzado a asistir a los eventos. Algunas incluso han compartido que antes no se sent\u00edan atra\u00eddas por la m\u00fasica, pero ahora, al contar con int\u00e9rpretes, encuentran nuevas formas de conexi\u00f3n.<\/p>\n\n\n\n<p>La capital potosina es uno de los pocos lugares en el pa\u00eds donde este tipo de accesibilidad es respaldado por una pol\u00edtica p\u00fablica local. Desde la Secretar\u00eda de Turismo hasta los recintos culturales, hay esfuerzos coordinados para garantizar una experiencia m\u00e1s inclusiva. Algunos hoteles y m\u00f3dulos de atenci\u00f3n tur\u00edstica cuentan con personal capacitado en LSM.<\/p>\n\n\n\n<p>Adem\u00e1s de la interpretaci\u00f3n en vivo, el ayuntamiento entrega chalecos que permiten percibir las vibraciones de las canciones a trav\u00e9s del cuerpo. Esto, en conjunto con el lenguaje de se\u00f1as, permite a las personas con discapacidad auditiva seguir el ritmo y el contenido de las presentaciones de forma alternativa.<\/p>\n\n\n\n<p>El equipo de Alas de las Artes, conformado por int\u00e9rpretes y personas sordas, trabaja de manera coordinada y con preparaci\u00f3n previa. Durante esta edici\u00f3n, interpretaron canciones<\/p>\n","protected":false},"excerpt":{"rendered":"<p>En el Festival San Luis en Primavera, la inclusi\u00f3n forma parte de la estructura del evento. A trav\u00e9s de la interpretaci\u00f3n en Lengua de Se\u00f1as Mexicana (LSM) y el uso de chalecos sensoriales, personas sordas participan en los conciertos con mayor accesibilidad y cercan\u00eda a las presentaciones musicales. Elizabeth Medina de Los Santos, int\u00e9rprete profesional [&hellip;]<\/p>\n","protected":false},"author":1,"featured_media":17568,"comment_status":"open","ping_status":"open","sticky":false,"template":"","format":"standard","meta":{"footnotes":""},"categories":[30,24,3163,3080],"tags":[3700,718,3965,294,261,27],"class_list":{"0":"post-17567","1":"post","2":"type-post","3":"status-publish","4":"format-standard","5":"has-post-thumbnail","7":"category-de-la-region-centro","8":"category-informacion-general","9":"category-san-luis-potosi","10":"category-slp","11":"tag-festival-en-primavera","12":"tag-inclusion","13":"tag-lsm","14":"tag-san-luis","15":"tag-slp","16":"tag-soledad"},"_links":{"self":[{"href":"https:\/\/cronicadesoledad.com\/index.php\/wp-json\/wp\/v2\/posts\/17567","targetHints":{"allow":["GET"]}}],"collection":[{"href":"https:\/\/cronicadesoledad.com\/index.php\/wp-json\/wp\/v2\/posts"}],"about":[{"href":"https:\/\/cronicadesoledad.com\/index.php\/wp-json\/wp\/v2\/types\/post"}],"author":[{"embeddable":true,"href":"https:\/\/cronicadesoledad.com\/index.php\/wp-json\/wp\/v2\/users\/1"}],"replies":[{"embeddable":true,"href":"https:\/\/cronicadesoledad.com\/index.php\/wp-json\/wp\/v2\/comments?post=17567"}],"version-history":[{"count":1,"href":"https:\/\/cronicadesoledad.com\/index.php\/wp-json\/wp\/v2\/posts\/17567\/revisions"}],"predecessor-version":[{"id":17569,"href":"https:\/\/cronicadesoledad.com\/index.php\/wp-json\/wp\/v2\/posts\/17567\/revisions\/17569"}],"wp:featuredmedia":[{"embeddable":true,"href":"https:\/\/cronicadesoledad.com\/index.php\/wp-json\/wp\/v2\/media\/17568"}],"wp:attachment":[{"href":"https:\/\/cronicadesoledad.com\/index.php\/wp-json\/wp\/v2\/media?parent=17567"}],"wp:term":[{"taxonomy":"category","embeddable":true,"href":"https:\/\/cronicadesoledad.com\/index.php\/wp-json\/wp\/v2\/categories?post=17567"},{"taxonomy":"post_tag","embeddable":true,"href":"https:\/\/cronicadesoledad.com\/index.php\/wp-json\/wp\/v2\/tags?post=17567"}],"curies":[{"name":"wp","href":"https:\/\/api.w.org\/{rel}","templated":true}]}}