{"id":17574,"date":"2025-04-15T13:30:00","date_gmt":"2025-04-15T19:30:00","guid":{"rendered":"https:\/\/cronicadesoledad.com\/?p=17574"},"modified":"2025-04-15T12:11:34","modified_gmt":"2025-04-15T18:11:34","slug":"inicia-la-copa-potosi-2025-con-mas-de-mil-participantes","status":"publish","type":"post","link":"https:\/\/cronicadesoledad.com\/index.php\/2025\/04\/15\/inicia-la-copa-potosi-2025-con-mas-de-mil-participantes\/","title":{"rendered":"Inicia la Copa Potos\u00ed 2025 con m\u00e1s de mil participantes"},"content":{"rendered":"\n<p>Con m\u00e1s de mil 300 jugadores registrados, dio inicio la edici\u00f3n 2025 de la Copa Potos\u00ed, torneo considerado uno de los encuentros de f\u00fatbol amateur m\u00e1s importantes a nivel nacional. Este a\u00f1o, el certamen repartir\u00e1 un total de 1.3 millones de pesos en premios.<\/p>\n\n\n\n<p>Durante la ceremonia de apertura, el director del Instituto Potosino de Cultura F\u00edsica y Deporte (Inpode), Joaqu\u00edn Garc\u00eda Mart\u00ednez, destac\u00f3 el alcance del evento, que se estima reunir\u00e1 a m\u00e1s de 60 mil personas entre jugadores, entrenadores y p\u00fablico asistente a lo largo de su desarrollo.<\/p>\n\n\n\n<p>Como parte del arranque del torneo, se reconoci\u00f3 la trayectoria de dos figuras vinculadas a esta competencia: Fausto \u201cEl Pollo\u201d Ruiz y Francisco Juli\u00e1n Cardona Mireles, quienes han tenido una participaci\u00f3n destacada en ediciones anteriores.<\/p>\n\n\n\n<p>Los encuentros se celebrar\u00e1n en distintas instalaciones deportivas de la capital potosina, incluyendo la Unidad Deportiva Adolfo L\u00f3pez Mateos, el Centro de Desarrollo de Talentos y Alto Rendimiento Plan de San Luis, la Unidad Deportiva Sat\u00e9lite y el Estadio Alfonso Lastras Ram\u00edrez, donde se llevar\u00e1 a cabo la clausura.<\/p>\n","protected":false},"excerpt":{"rendered":"<p>Con m\u00e1s de mil 300 jugadores registrados, dio inicio la edici\u00f3n 2025 de la Copa Potos\u00ed, torneo considerado uno de los encuentros de f\u00fatbol amateur m\u00e1s importantes a nivel nacional. Este a\u00f1o, el certamen repartir\u00e1 un total de 1.3 millones de pesos en premios. Durante la ceremonia de apertura, el director del Instituto Potosino de [&hellip;]<\/p>\n","protected":false},"author":1,"featured_media":17575,"comment_status":"open","ping_status":"open","sticky":false,"template":"","format":"standard","meta":{"footnotes":""},"categories":[30,24,3163,3080],"tags":[3503,271,272,3211,294,261,27],"class_list":{"0":"post-17574","1":"post","2":"type-post","3":"status-publish","4":"format-standard","5":"has-post-thumbnail","7":"category-de-la-region-centro","8":"category-informacion-general","9":"category-san-luis-potosi","10":"category-slp","11":"tag-copa-potosi","12":"tag-deporte","13":"tag-futbol","14":"tag-inpode","15":"tag-san-luis","16":"tag-slp","17":"tag-soledad"},"_links":{"self":[{"href":"https:\/\/cronicadesoledad.com\/index.php\/wp-json\/wp\/v2\/posts\/17574","targetHints":{"allow":["GET"]}}],"collection":[{"href":"https:\/\/cronicadesoledad.com\/index.php\/wp-json\/wp\/v2\/posts"}],"about":[{"href":"https:\/\/cronicadesoledad.com\/index.php\/wp-json\/wp\/v2\/types\/post"}],"author":[{"embeddable":true,"href":"https:\/\/cronicadesoledad.com\/index.php\/wp-json\/wp\/v2\/users\/1"}],"replies":[{"embeddable":true,"href":"https:\/\/cronicadesoledad.com\/index.php\/wp-json\/wp\/v2\/comments?post=17574"}],"version-history":[{"count":1,"href":"https:\/\/cronicadesoledad.com\/index.php\/wp-json\/wp\/v2\/posts\/17574\/revisions"}],"predecessor-version":[{"id":17576,"href":"https:\/\/cronicadesoledad.com\/index.php\/wp-json\/wp\/v2\/posts\/17574\/revisions\/17576"}],"wp:featuredmedia":[{"embeddable":true,"href":"https:\/\/cronicadesoledad.com\/index.php\/wp-json\/wp\/v2\/media\/17575"}],"wp:attachment":[{"href":"https:\/\/cronicadesoledad.com\/index.php\/wp-json\/wp\/v2\/media?parent=17574"}],"wp:term":[{"taxonomy":"category","embeddable":true,"href":"https:\/\/cronicadesoledad.com\/index.php\/wp-json\/wp\/v2\/categories?post=17574"},{"taxonomy":"post_tag","embeddable":true,"href":"https:\/\/cronicadesoledad.com\/index.php\/wp-json\/wp\/v2\/tags?post=17574"}],"curies":[{"name":"wp","href":"https:\/\/api.w.org\/{rel}","templated":true}]}}