{"id":17634,"date":"2025-04-15T22:36:49","date_gmt":"2025-04-16T04:36:49","guid":{"rendered":"https:\/\/cronicadesoledad.com\/?p=17634"},"modified":"2025-04-15T22:36:49","modified_gmt":"2025-04-16T04:36:49","slug":"daniela-cid-gonzalez-es-nombrada-nueva-delegada-de-la-pila","status":"publish","type":"post","link":"https:\/\/cronicadesoledad.com\/index.php\/2025\/04\/15\/daniela-cid-gonzalez-es-nombrada-nueva-delegada-de-la-pila\/","title":{"rendered":"Daniela Cid Gonz\u00e1lez es nombrada nueva Delegada de La Pila"},"content":{"rendered":"\n<p>El cabildo capitalino design\u00f3 por unanimidad a Daniela Alexandra Cid Gonz\u00e1lez como nueva titular de la Delegaci\u00f3n de La Pila, en una sesi\u00f3n donde tambi\u00e9n se aprobaron nombramientos clave y medidas administrativas.<\/p>\n\n\n\n<p>Durante la d\u00e9cima tercera Sesi\u00f3n Ordinaria del Cabildo de San Luis Potos\u00ed, se aprob\u00f3 por unanimidad el nombramiento de Daniela Alexandra Cid Gonz\u00e1lez como nueva Delegada de La Pila, a propuesta del Presidente Municipal Enrique Galindo Ceballos, quien destac\u00f3 su experiencia en la administraci\u00f3n p\u00fablica local.<\/p>\n\n\n\n<p>El Alcalde explic\u00f3 que este cambio forma parte de una reestructuraci\u00f3n del Gabinete Municipal, con el objetivo de fortalecer el trabajo en cada una de las \u00e1reas de gobierno. Cid Gonz\u00e1lez asumir\u00e1 el cargo con el respaldo un\u00e1nime del cuerpo edilicio, lo que reafirma la confianza en su perfil profesional.<\/p>\n\n\n\n<p>Durante la misma sesi\u00f3n, tambi\u00e9n se aval\u00f3 el nombramiento de Mariana L\u00f3pez Villagr\u00e1n como titular de la Unidad Substanciadora de la Contralor\u00eda Interna. El Presidente Municipal fue el encargado de tomar protesta de ley a las nuevas funcionarias.<\/p>\n\n\n\n<p>Asimismo, se aprob\u00f3 institucionalizar el <strong>Festival Internacional San Luis en Primavera<\/strong>, celebrado anualmente durante Semana Santa. La propuesta fue presentada por la Comisi\u00f3n de Cultura, Recreaci\u00f3n, Deporte y Juventud, con el objetivo de consolidarlo como una tradici\u00f3n cultural y tur\u00edstica del municipio.<\/p>\n\n\n\n<p>Otras decisiones importantes incluyeron la aprobaci\u00f3n para emitir la convocatoria de elecci\u00f3n de la persona titular de la Coordinaci\u00f3n Municipal de Derechos Humanos, as\u00ed como la Convocatoria al Premio Municipal de las Mujeres \u201cAlma Irene Nava Bello\u201d 2025, esta \u00faltima impulsada por la Comisi\u00f3n de Atenci\u00f3n a las Mujeres.<\/p>\n\n\n\n<p>De igual forma, se vot\u00f3 a favor de elevar a Direcci\u00f3n el \u00e1rea de Ciudades Hermanas y Asuntos Internacionales, la cual ahora depender\u00e1 directamente de la Presidencia Municipal.<\/p>\n\n\n\n<p>En materia financiera, el Cabildo aprob\u00f3 una adecuaci\u00f3n presupuestal presentada por la Comisi\u00f3n de Hacienda, adem\u00e1s del primer informe trimestral del Ejercicio Fiscal 2025, en conjunto con la Comisi\u00f3n de Vigilancia. Tambi\u00e9n se analizaron propuestas de pensi\u00f3n para personal municipal, y se aprob\u00f3 la integraci\u00f3n del regidor Rodolfo Edgardo Jasso Puente a la Comisi\u00f3n de Salud P\u00fablica y Asistencia Social.<\/p>\n","protected":false},"excerpt":{"rendered":"<p>El cabildo capitalino design\u00f3 por unanimidad a Daniela Alexandra Cid Gonz\u00e1lez como nueva titular de la Delegaci\u00f3n de La Pila, en una sesi\u00f3n donde tambi\u00e9n se aprobaron nombramientos clave y medidas administrativas. Durante la d\u00e9cima tercera Sesi\u00f3n Ordinaria del Cabildo de San Luis Potos\u00ed, se aprob\u00f3 por unanimidad el nombramiento de Daniela Alexandra Cid Gonz\u00e1lez [&hellip;]<\/p>\n","protected":false},"author":1,"featured_media":17635,"comment_status":"open","ping_status":"open","sticky":false,"template":"","format":"standard","meta":{"footnotes":""},"categories":[24,3080],"tags":[3972,1066,3973,261],"class_list":{"0":"post-17634","1":"post","2":"type-post","3":"status-publish","4":"format-standard","5":"has-post-thumbnail","7":"category-informacion-general","8":"category-slp","9":"tag-daniela-gonzalez","10":"tag-la-pila","11":"tag-nueva-delegada","12":"tag-slp"},"_links":{"self":[{"href":"https:\/\/cronicadesoledad.com\/index.php\/wp-json\/wp\/v2\/posts\/17634","targetHints":{"allow":["GET"]}}],"collection":[{"href":"https:\/\/cronicadesoledad.com\/index.php\/wp-json\/wp\/v2\/posts"}],"about":[{"href":"https:\/\/cronicadesoledad.com\/index.php\/wp-json\/wp\/v2\/types\/post"}],"author":[{"embeddable":true,"href":"https:\/\/cronicadesoledad.com\/index.php\/wp-json\/wp\/v2\/users\/1"}],"replies":[{"embeddable":true,"href":"https:\/\/cronicadesoledad.com\/index.php\/wp-json\/wp\/v2\/comments?post=17634"}],"version-history":[{"count":1,"href":"https:\/\/cronicadesoledad.com\/index.php\/wp-json\/wp\/v2\/posts\/17634\/revisions"}],"predecessor-version":[{"id":17636,"href":"https:\/\/cronicadesoledad.com\/index.php\/wp-json\/wp\/v2\/posts\/17634\/revisions\/17636"}],"wp:featuredmedia":[{"embeddable":true,"href":"https:\/\/cronicadesoledad.com\/index.php\/wp-json\/wp\/v2\/media\/17635"}],"wp:attachment":[{"href":"https:\/\/cronicadesoledad.com\/index.php\/wp-json\/wp\/v2\/media?parent=17634"}],"wp:term":[{"taxonomy":"category","embeddable":true,"href":"https:\/\/cronicadesoledad.com\/index.php\/wp-json\/wp\/v2\/categories?post=17634"},{"taxonomy":"post_tag","embeddable":true,"href":"https:\/\/cronicadesoledad.com\/index.php\/wp-json\/wp\/v2\/tags?post=17634"}],"curies":[{"name":"wp","href":"https:\/\/api.w.org\/{rel}","templated":true}]}}