{"id":17637,"date":"2025-04-15T22:50:22","date_gmt":"2025-04-16T04:50:22","guid":{"rendered":"https:\/\/cronicadesoledad.com\/?p=17637"},"modified":"2025-04-15T22:50:22","modified_gmt":"2025-04-16T04:50:22","slug":"mas-que-una-tradicion-asi-se-vive-la-procesion-del-silencio-en-slp","status":"publish","type":"post","link":"https:\/\/cronicadesoledad.com\/index.php\/2025\/04\/15\/mas-que-una-tradicion-asi-se-vive-la-procesion-del-silencio-en-slp\/","title":{"rendered":"M\u00e1s que una tradici\u00f3n: as\u00ed se vive la Procesi\u00f3n del Silencio en SLP"},"content":{"rendered":"\n<p>La Secretar\u00eda de Cultura invita a potosinos y visitantes a presenciar una de las manifestaciones religiosas m\u00e1s importantes del continente, que ser\u00e1 transmitida por redes oficiales este Viernes Santo.<\/p>\n\n\n\n<p>La Secretar\u00eda de Cultura del Estado (Secult) hace un llamado a la ciudadan\u00eda para vivir y preservar una de las tradiciones m\u00e1s significativas de San Luis Potos\u00ed: la Procesi\u00f3n del Silencio. Este evento religioso-cultural se realizar\u00e1 como cada a\u00f1o durante el Viernes Santo y ser\u00e1 transmitido en vivo a trav\u00e9s de las redes sociales del Gobierno del Estado.<\/p>\n\n\n\n<p>Considerada la procesi\u00f3n m\u00e1s importante de Am\u00e9rica Latina en su tipo, esta manifestaci\u00f3n fue declarada <strong>Patrimonio Cultural Inmaterial<\/strong> en 2013, debido a su profundo arraigo en la identidad potosina. La Secult destac\u00f3 que esta tradici\u00f3n promueve el patrimonio cultural de la regi\u00f3n, al tiempo que honra la religiosidad de sus participantes.<\/p>\n\n\n\n<p>La Procesi\u00f3n del Silencio tiene sus ra\u00edces en las celebraciones de Semana Santa de Sevilla, Espa\u00f1a, del siglo XVI. En San Luis Potos\u00ed, la tradici\u00f3n fue adoptada en 1953 por devoci\u00f3n a la Virgen de la Soledad, realiz\u00e1ndose la primera edici\u00f3n local en 1954. Desde entonces, se ha convertido en un s\u00edmbolo del fervor religioso del estado.<\/p>\n\n\n\n<p>M\u00e1s de 30 cofrad\u00edas penitenciales forman parte de esta solemne marcha. Los cofrades, vestidos con los colores de sus parroquias y t\u00fanicas encapuchadas en se\u00f1al de luto y humildad, portan im\u00e1genes religiosas que representan una Estaci\u00f3n del Viacrucis o un Misterio Doloroso del Rosario.<\/p>\n\n\n\n<p>La Secretar\u00eda de Cultura reafirma su compromiso de preservar y difundir esta tradici\u00f3n, invitando a toda la poblaci\u00f3n a conectarse a la transmisi\u00f3n en l\u00ednea, para que nadie se quede sin vivir esta experiencia de profunda espiritualidad y cultura.<\/p>\n","protected":false},"excerpt":{"rendered":"<p>La Secretar\u00eda de Cultura invita a potosinos y visitantes a presenciar una de las manifestaciones religiosas m\u00e1s importantes del continente, que ser\u00e1 transmitida por redes oficiales este Viernes Santo. La Secretar\u00eda de Cultura del Estado (Secult) hace un llamado a la ciudadan\u00eda para vivir y preservar una de las tradiciones m\u00e1s significativas de San Luis [&hellip;]<\/p>\n","protected":false},"author":1,"featured_media":17638,"comment_status":"open","ping_status":"open","sticky":false,"template":"","format":"standard","meta":{"footnotes":""},"categories":[24,3080],"tags":[3974,3695,3976,1718,261,3975],"class_list":{"0":"post-17637","1":"post","2":"type-post","3":"status-publish","4":"format-standard","5":"has-post-thumbnail","7":"category-informacion-general","8":"category-slp","9":"tag-cofradias","10":"tag-procesion-del-silencio","11":"tag-secretaria-de-cultura-2","12":"tag-semana-santa","13":"tag-slp","14":"tag-viernes-santo"},"_links":{"self":[{"href":"https:\/\/cronicadesoledad.com\/index.php\/wp-json\/wp\/v2\/posts\/17637","targetHints":{"allow":["GET"]}}],"collection":[{"href":"https:\/\/cronicadesoledad.com\/index.php\/wp-json\/wp\/v2\/posts"}],"about":[{"href":"https:\/\/cronicadesoledad.com\/index.php\/wp-json\/wp\/v2\/types\/post"}],"author":[{"embeddable":true,"href":"https:\/\/cronicadesoledad.com\/index.php\/wp-json\/wp\/v2\/users\/1"}],"replies":[{"embeddable":true,"href":"https:\/\/cronicadesoledad.com\/index.php\/wp-json\/wp\/v2\/comments?post=17637"}],"version-history":[{"count":1,"href":"https:\/\/cronicadesoledad.com\/index.php\/wp-json\/wp\/v2\/posts\/17637\/revisions"}],"predecessor-version":[{"id":17639,"href":"https:\/\/cronicadesoledad.com\/index.php\/wp-json\/wp\/v2\/posts\/17637\/revisions\/17639"}],"wp:featuredmedia":[{"embeddable":true,"href":"https:\/\/cronicadesoledad.com\/index.php\/wp-json\/wp\/v2\/media\/17638"}],"wp:attachment":[{"href":"https:\/\/cronicadesoledad.com\/index.php\/wp-json\/wp\/v2\/media?parent=17637"}],"wp:term":[{"taxonomy":"category","embeddable":true,"href":"https:\/\/cronicadesoledad.com\/index.php\/wp-json\/wp\/v2\/categories?post=17637"},{"taxonomy":"post_tag","embeddable":true,"href":"https:\/\/cronicadesoledad.com\/index.php\/wp-json\/wp\/v2\/tags?post=17637"}],"curies":[{"name":"wp","href":"https:\/\/api.w.org\/{rel}","templated":true}]}}