{"id":17672,"date":"2025-04-16T21:42:25","date_gmt":"2025-04-17T03:42:25","guid":{"rendered":"https:\/\/cronicadesoledad.com\/?p=17672"},"modified":"2025-04-16T21:42:25","modified_gmt":"2025-04-17T03:42:25","slug":"ayuntamiento-se-fortalece-en-combate-de-incendios","status":"publish","type":"post","link":"https:\/\/cronicadesoledad.com\/index.php\/2025\/04\/16\/ayuntamiento-se-fortalece-en-combate-de-incendios\/","title":{"rendered":"Ayuntamiento se fortalece en combate de incendios"},"content":{"rendered":"\n<p>Para contar con personal altamente capacitado y eficiente en el combate de incidentes por incendios, el Ayuntamiento de Soledad de Graciano S\u00e1nchez, a trav\u00e9s de la Direcci\u00f3n de Protecci\u00f3n Civil participa activamente en constantes capacitaciones a nivel nacional para eficientizar las labores de combate de incendios y en la atenci\u00f3n como primeros respondientes, mismas que se han llevado a cabo en diversos Estados del pa\u00eds.<\/p>\n\n\n\n<p>Mart\u00edn Bravo Galicia, titular del \u00e1rea municipal, destac\u00f3 que esta estrategia, que es parte de la visi\u00f3n del Alcalde Juan Manuel Navarro Mu\u00f1iz, quien ha reiterado la importancia de estar cerca y proteger a la ciudadan\u00eda ante situaciones de riesgo, ha favorecido al personal operativo formaci\u00f3n especializada, reconocida con certificaci\u00f3n de valor curricular, lo cual ha tenido lugar recientemente en Nuevo Le\u00f3n y Estado de M\u00e9xico.<\/p>\n\n\n\n<p>Explic\u00f3 que estos programas permitieron a m\u00e1s de 8 elementos del \u00e1rea, mejorar sus conocimientos sobre el control y liquidaci\u00f3n de incendios, as\u00ed como las t\u00e9cnicas para reducir riesgos y evacuar de forma segura a personas en situaci\u00f3n de vulnerabilidad, lo que fue fundamental ya que los elementos que obtuvieron su certificaci\u00f3n transmitieron su aprendizaje adquirido al resto del equipo soledense.<\/p>\n\n\n\n<p>De esta manera, resalt\u00f3 que se garantiza una mejor capacidad de respuesta en situaciones de emergencia y se asegura que la ciudadan\u00eda cuente con un cuerpo de rescate altamente preparado y eficaz, que reflejan el compromiso del Gobierno Municipal de proteger a las familias soledenses, dotando a su personal con las herramientas y conocimientos necesarios para actuar con cercan\u00eda, rapidez, evaluar riesgos y restablecer el orden tras una contingencia.<\/p>\n\n\n\n<p>Finalmente, dijo que la profesionalizaci\u00f3n del equipo de Protecci\u00f3n Civil es clave para garantizar la seguridad de la poblaci\u00f3n, y con estas capacitaciones, Soledad de Graciano S\u00e1nchez se posiciona, una vez m\u00e1s, como un referente en la preparaci\u00f3n y respuesta ante emergencias, trabajando de la mano con sus ciudadanos y ciudadanos para crear un entorno m\u00e1s seguro.<\/p>\n","protected":false},"excerpt":{"rendered":"<p>Para contar con personal altamente capacitado y eficiente en el combate de incidentes por incendios, el Ayuntamiento de Soledad de Graciano S\u00e1nchez, a trav\u00e9s de la Direcci\u00f3n de Protecci\u00f3n Civil participa activamente en constantes capacitaciones a nivel nacional para eficientizar las labores de combate de incendios y en la atenci\u00f3n como primeros respondientes, mismas que [&hellip;]<\/p>\n","protected":false},"author":2,"featured_media":17673,"comment_status":"open","ping_status":"open","sticky":false,"template":"","format":"standard","meta":{"footnotes":""},"categories":[1,24,19,21],"tags":[223,2093,294,276,261,27],"class_list":{"0":"post-17672","1":"post","2":"type-post","3":"status-publish","4":"format-standard","5":"has-post-thumbnail","7":"category-destacadas","8":"category-informacion-general","9":"category-seguridad","10":"category-tu-soledad","11":"tag-ayuntamiento-soledense","12":"tag-incendios","13":"tag-san-luis","14":"tag-seguridad","15":"tag-slp","16":"tag-soledad"},"_links":{"self":[{"href":"https:\/\/cronicadesoledad.com\/index.php\/wp-json\/wp\/v2\/posts\/17672","targetHints":{"allow":["GET"]}}],"collection":[{"href":"https:\/\/cronicadesoledad.com\/index.php\/wp-json\/wp\/v2\/posts"}],"about":[{"href":"https:\/\/cronicadesoledad.com\/index.php\/wp-json\/wp\/v2\/types\/post"}],"author":[{"embeddable":true,"href":"https:\/\/cronicadesoledad.com\/index.php\/wp-json\/wp\/v2\/users\/2"}],"replies":[{"embeddable":true,"href":"https:\/\/cronicadesoledad.com\/index.php\/wp-json\/wp\/v2\/comments?post=17672"}],"version-history":[{"count":1,"href":"https:\/\/cronicadesoledad.com\/index.php\/wp-json\/wp\/v2\/posts\/17672\/revisions"}],"predecessor-version":[{"id":17674,"href":"https:\/\/cronicadesoledad.com\/index.php\/wp-json\/wp\/v2\/posts\/17672\/revisions\/17674"}],"wp:featuredmedia":[{"embeddable":true,"href":"https:\/\/cronicadesoledad.com\/index.php\/wp-json\/wp\/v2\/media\/17673"}],"wp:attachment":[{"href":"https:\/\/cronicadesoledad.com\/index.php\/wp-json\/wp\/v2\/media?parent=17672"}],"wp:term":[{"taxonomy":"category","embeddable":true,"href":"https:\/\/cronicadesoledad.com\/index.php\/wp-json\/wp\/v2\/categories?post=17672"},{"taxonomy":"post_tag","embeddable":true,"href":"https:\/\/cronicadesoledad.com\/index.php\/wp-json\/wp\/v2\/tags?post=17672"}],"curies":[{"name":"wp","href":"https:\/\/api.w.org\/{rel}","templated":true}]}}