{"id":17701,"date":"2025-04-17T16:00:00","date_gmt":"2025-04-17T22:00:00","guid":{"rendered":"https:\/\/cronicadesoledad.com\/?p=17701"},"modified":"2025-04-17T15:08:08","modified_gmt":"2025-04-17T21:08:08","slug":"sspc-alista-operativo-de-vialidad-y-seguridad-de-la-procesion-del-silencio","status":"publish","type":"post","link":"https:\/\/cronicadesoledad.com\/index.php\/2025\/04\/17\/sspc-alista-operativo-de-vialidad-y-seguridad-de-la-procesion-del-silencio\/","title":{"rendered":"SSPC alista operativo de vialidad y seguridad de la Procesi\u00f3n del Silencio"},"content":{"rendered":"\n<p>La Secretar\u00eda de Seguridad y Protecci\u00f3n Ciudadana (SSPC) activar\u00e1 un operativo integral en el Centro Hist\u00f3rico para dar cobertura al recorrido de la Procesi\u00f3n del Silencio, en su edici\u00f3n n\u00famero 72. El despliegue operativo comenzar\u00e1 desde las 15:00 horas de este viernes 18 de abril con la finalidad de proteger y salvaguardar a locales y turistas durante este evento de talla internacional.<\/p>\n\n\n\n<p>De acuerdo con el plan operativo de la SSPC de la Capital, se destinar\u00e1 un estado de fuerza de m\u00e1s de 450 elementos de las direcciones de Guardia Municipal, Tecnolog\u00edas e Inteligencia Social, Polic\u00eda Vial y Protecci\u00f3n Civil, quienes realizar\u00e1n acciones de prevenci\u00f3n y vigilancia, as\u00ed como labores de seguridad vial para favorecer la movilidad en el primer cuadro de la ciudad.<\/p>\n\n\n\n<p>El dispositivo de vialidad iniciar\u00e1 desde las 15:00 horas del viernes para llevar a cabo limpieza vehicular evitando que automovilistas se estacionen en las calles que forman parte del recorrido de la Procesi\u00f3n, adem\u00e1s se dar\u00e1 cobertura a la colocaci\u00f3n de sillas para las y los espectadores de este evento.<\/p>\n\n\n\n<p>La ruta de la Procesi\u00f3n del Silencio se desplazar\u00e1 por las calles de Viller\u00edas, Universidad \u2013en sentido contrario al establecido- Vallejo, Galeana, Independencia, Venustiano Carranza, Aldama, Madero, ingresar\u00e1n al jard\u00edn Hidalgo y culminar\u00e1 en la calle Manuel Jos\u00e9 Oth\u00f3n en direcci\u00f3n a Plaza del Carmen.<\/p>\n\n\n\n<p>A lo largo de este recorrido, la SSPC destinar\u00e1 a un aproximado de 300 oficiales de Guardia Municipal para garantizar la seguridad y tranquilidad de los asistentes, a los que se sumar\u00e1n personal de Tecnolog\u00edas con el monitoreo del sistema de video vigilancia y la presencia de param\u00e9dicos y personal de la direcci\u00f3n de Protecci\u00f3n Civil Municipal.<\/p>\n\n\n\n<p>Adem\u00e1s un aproximado de 120 agentes de Polic\u00eda Vial estar\u00e1n desplegados en la zona centro para implementar los cierres de calles e indicar rutas alternas a los automovilistas.<\/p>\n","protected":false},"excerpt":{"rendered":"<p>La Secretar\u00eda de Seguridad y Protecci\u00f3n Ciudadana (SSPC) activar\u00e1 un operativo integral en el Centro Hist\u00f3rico para dar cobertura al recorrido de la Procesi\u00f3n del Silencio, en su edici\u00f3n n\u00famero 72. El despliegue operativo comenzar\u00e1 desde las 15:00 horas de este viernes 18 de abril con la finalidad de proteger y salvaguardar a locales y [&hellip;]<\/p>\n","protected":false},"author":1,"featured_media":17702,"comment_status":"open","ping_status":"open","sticky":false,"template":"","format":"standard","meta":{"footnotes":""},"categories":[30,24,3163,3080],"tags":[987,3695,294,276,1718,261,27,460],"class_list":{"0":"post-17701","1":"post","2":"type-post","3":"status-publish","4":"format-standard","5":"has-post-thumbnail","7":"category-de-la-region-centro","8":"category-informacion-general","9":"category-san-luis-potosi","10":"category-slp","11":"tag-centro-historico","12":"tag-procesion-del-silencio","13":"tag-san-luis","14":"tag-seguridad","15":"tag-semana-santa","16":"tag-slp","17":"tag-soledad","18":"tag-sspc"},"_links":{"self":[{"href":"https:\/\/cronicadesoledad.com\/index.php\/wp-json\/wp\/v2\/posts\/17701","targetHints":{"allow":["GET"]}}],"collection":[{"href":"https:\/\/cronicadesoledad.com\/index.php\/wp-json\/wp\/v2\/posts"}],"about":[{"href":"https:\/\/cronicadesoledad.com\/index.php\/wp-json\/wp\/v2\/types\/post"}],"author":[{"embeddable":true,"href":"https:\/\/cronicadesoledad.com\/index.php\/wp-json\/wp\/v2\/users\/1"}],"replies":[{"embeddable":true,"href":"https:\/\/cronicadesoledad.com\/index.php\/wp-json\/wp\/v2\/comments?post=17701"}],"version-history":[{"count":1,"href":"https:\/\/cronicadesoledad.com\/index.php\/wp-json\/wp\/v2\/posts\/17701\/revisions"}],"predecessor-version":[{"id":17703,"href":"https:\/\/cronicadesoledad.com\/index.php\/wp-json\/wp\/v2\/posts\/17701\/revisions\/17703"}],"wp:featuredmedia":[{"embeddable":true,"href":"https:\/\/cronicadesoledad.com\/index.php\/wp-json\/wp\/v2\/media\/17702"}],"wp:attachment":[{"href":"https:\/\/cronicadesoledad.com\/index.php\/wp-json\/wp\/v2\/media?parent=17701"}],"wp:term":[{"taxonomy":"category","embeddable":true,"href":"https:\/\/cronicadesoledad.com\/index.php\/wp-json\/wp\/v2\/categories?post=17701"},{"taxonomy":"post_tag","embeddable":true,"href":"https:\/\/cronicadesoledad.com\/index.php\/wp-json\/wp\/v2\/tags?post=17701"}],"curies":[{"name":"wp","href":"https:\/\/api.w.org\/{rel}","templated":true}]}}