{"id":17713,"date":"2025-04-17T17:30:00","date_gmt":"2025-04-17T23:30:00","guid":{"rendered":"https:\/\/cronicadesoledad.com\/?p=17713"},"modified":"2025-04-17T15:39:13","modified_gmt":"2025-04-17T21:39:13","slug":"fiscalia-dialoga-con-familias-de-ian-yael-y-alanna-sofia-para-reforzar-busqueda","status":"publish","type":"post","link":"https:\/\/cronicadesoledad.com\/index.php\/2025\/04\/17\/fiscalia-dialoga-con-familias-de-ian-yael-y-alanna-sofia-para-reforzar-busqueda\/","title":{"rendered":"Fiscal\u00eda dialoga con familias de Ian Yael y Alanna Sof\u00eda para reforzar b\u00fasqueda"},"content":{"rendered":"\n<p>La Fiscal\u00eda General del Estado de San Luis Potos\u00ed sostuvo una reuni\u00f3n con familiares de dos menores que permanecen no localizados, como parte de las acciones para fortalecer la investigaci\u00f3n y mantener comunicaci\u00f3n directa con las madres de los ni\u00f1os desaparecidos.<\/p>\n\n\n\n<p>El encuentro fue encabezado por el Vicefiscal Jos\u00e9 Pedro G\u00f3mez \u00c1vila y la Fiscal de la Mujer, Evangelina Castillo Montero, quienes escucharon los planteamientos y preocupaciones de las familias. La informaci\u00f3n recabada fue canalizada a los agentes de la Polic\u00eda de Investigaci\u00f3n para integrarla a las labores de campo.<\/p>\n\n\n\n<p>La dependencia asegur\u00f3 que mantendr\u00e1 contacto permanente con las madres de Ian Yael, visto por \u00faltima vez en la colonia Industrial Aviaci\u00f3n, y de Alanna Sof\u00eda, cuya desaparici\u00f3n fue reportada el pasado 12 de febrero.<\/p>\n\n\n\n<p>La Fiscal\u00eda inform\u00f3 que en las pr\u00f3ximas horas sostendr\u00e1n una nueva reuni\u00f3n para evaluar avances y ajustar estrategias de inteligencia que permitan localizar a ambos menores. El compromiso, se\u00f1alaron, es mantener abiertos todos los canales de colaboraci\u00f3n para agilizar resultados.<\/p>\n","protected":false},"excerpt":{"rendered":"<p>La Fiscal\u00eda General del Estado de San Luis Potos\u00ed sostuvo una reuni\u00f3n con familiares de dos menores que permanecen no localizados, como parte de las acciones para fortalecer la investigaci\u00f3n y mantener comunicaci\u00f3n directa con las madres de los ni\u00f1os desaparecidos. El encuentro fue encabezado por el Vicefiscal Jos\u00e9 Pedro G\u00f3mez \u00c1vila y la Fiscal [&hellip;]<\/p>\n","protected":false},"author":1,"featured_media":17714,"comment_status":"open","ping_status":"open","sticky":false,"template":"","format":"standard","meta":{"footnotes":""},"categories":[30,24,3163,3080],"tags":[783,1819,294,276,261,27],"class_list":{"0":"post-17713","1":"post","2":"type-post","3":"status-publish","4":"format-standard","5":"has-post-thumbnail","7":"category-de-la-region-centro","8":"category-informacion-general","9":"category-san-luis-potosi","10":"category-slp","11":"tag-desaparecidos","12":"tag-fge","13":"tag-san-luis","14":"tag-seguridad","15":"tag-slp","16":"tag-soledad"},"_links":{"self":[{"href":"https:\/\/cronicadesoledad.com\/index.php\/wp-json\/wp\/v2\/posts\/17713","targetHints":{"allow":["GET"]}}],"collection":[{"href":"https:\/\/cronicadesoledad.com\/index.php\/wp-json\/wp\/v2\/posts"}],"about":[{"href":"https:\/\/cronicadesoledad.com\/index.php\/wp-json\/wp\/v2\/types\/post"}],"author":[{"embeddable":true,"href":"https:\/\/cronicadesoledad.com\/index.php\/wp-json\/wp\/v2\/users\/1"}],"replies":[{"embeddable":true,"href":"https:\/\/cronicadesoledad.com\/index.php\/wp-json\/wp\/v2\/comments?post=17713"}],"version-history":[{"count":1,"href":"https:\/\/cronicadesoledad.com\/index.php\/wp-json\/wp\/v2\/posts\/17713\/revisions"}],"predecessor-version":[{"id":17715,"href":"https:\/\/cronicadesoledad.com\/index.php\/wp-json\/wp\/v2\/posts\/17713\/revisions\/17715"}],"wp:featuredmedia":[{"embeddable":true,"href":"https:\/\/cronicadesoledad.com\/index.php\/wp-json\/wp\/v2\/media\/17714"}],"wp:attachment":[{"href":"https:\/\/cronicadesoledad.com\/index.php\/wp-json\/wp\/v2\/media?parent=17713"}],"wp:term":[{"taxonomy":"category","embeddable":true,"href":"https:\/\/cronicadesoledad.com\/index.php\/wp-json\/wp\/v2\/categories?post=17713"},{"taxonomy":"post_tag","embeddable":true,"href":"https:\/\/cronicadesoledad.com\/index.php\/wp-json\/wp\/v2\/tags?post=17713"}],"curies":[{"name":"wp","href":"https:\/\/api.w.org\/{rel}","templated":true}]}}