{"id":17765,"date":"2025-04-18T11:30:00","date_gmt":"2025-04-18T17:30:00","guid":{"rendered":"https:\/\/cronicadesoledad.com\/?p=17765"},"modified":"2025-04-18T10:46:00","modified_gmt":"2025-04-18T16:46:00","slug":"familias-pocenas-disfrutaron-de-mi-pasion-mi-muerte-mi-resurreccion","status":"publish","type":"post","link":"https:\/\/cronicadesoledad.com\/index.php\/2025\/04\/18\/familias-pocenas-disfrutaron-de-mi-pasion-mi-muerte-mi-resurreccion\/","title":{"rendered":"Familias poce\u00f1as disfrutaron de \u201cMi pasi\u00f3n, mi muerte, mi resurrecci\u00f3n\u201d"},"content":{"rendered":"\n<p>El Gobierno de Villa de Pozos, a trav\u00e9s de la Direcci\u00f3n de Cultura, llev\u00f3 a cabo con gran \u00e9xito la presentaci\u00f3n de la obra de danza contempor\u00e1nea \u201cMi pasi\u00f3n, mi muerte, mi resurrecci\u00f3n\u201d, una emotiva puesta en escena que logr\u00f3 reunir a p\u00fablico de todas las edades en el atrio de la Parroquia de San Francisco de As\u00eds.<\/p>\n\n\n\n<p>La directora de Cultura Municipal, Mar\u00eda del Carmen Mendoza Rocha, se\u00f1al\u00f3 que esta actividad forma parte del compromiso del gobierno local por promover el arte y la cultura entre las y los poce\u00f1os y explic\u00f3 que la obra fue presentada por la compa\u00f1\u00eda N\u00facleo &#8211; Danza Esc\u00e9nica, bajo la direcci\u00f3n de Guadalupe Orellana y Francisco Torres.<\/p>\n\n\n\n<p>La obra, ofreci\u00f3 una interpretaci\u00f3n contempor\u00e1nea de los momentos m\u00e1s significativos del camino de Jes\u00fas, desde su condena hasta su crucifixi\u00f3n y resurrecci\u00f3n, con una respuesta positiva y entusiasta, en donde el p\u00fablico conect\u00f3 con las tradiciones y espiritualidad.<\/p>\n\n\n\n<p>Durante la Semana Santa, el Gobierno de Villa de Pozos acerca a la comunidad actividades culturales y religiosas llenas de arte y tradici\u00f3n para fomentar la participaci\u00f3n ciudadana y fortalecer la identidad cultural del municipio.<\/p>\n","protected":false},"excerpt":{"rendered":"<p>El Gobierno de Villa de Pozos, a trav\u00e9s de la Direcci\u00f3n de Cultura, llev\u00f3 a cabo con gran \u00e9xito la presentaci\u00f3n de la obra de danza contempor\u00e1nea \u201cMi pasi\u00f3n, mi muerte, mi resurrecci\u00f3n\u201d, una emotiva puesta en escena que logr\u00f3 reunir a p\u00fablico de todas las edades en el atrio de la Parroquia de San [&hellip;]<\/p>\n","protected":false},"author":1,"featured_media":17766,"comment_status":"open","ping_status":"open","sticky":false,"template":"","format":"standard","meta":{"footnotes":""},"categories":[3171,24,3175],"tags":[334,4001,294,261,1068],"class_list":{"0":"post-17765","1":"post","2":"type-post","3":"status-publish","4":"format-standard","5":"has-post-thumbnail","7":"category-cultura","8":"category-informacion-general","9":"category-pozos","10":"tag-cultura","11":"tag-mi-pasion-mi-muerte-mi-resurreccion","12":"tag-san-luis","13":"tag-slp","14":"tag-villa-de-pozos"},"_links":{"self":[{"href":"https:\/\/cronicadesoledad.com\/index.php\/wp-json\/wp\/v2\/posts\/17765","targetHints":{"allow":["GET"]}}],"collection":[{"href":"https:\/\/cronicadesoledad.com\/index.php\/wp-json\/wp\/v2\/posts"}],"about":[{"href":"https:\/\/cronicadesoledad.com\/index.php\/wp-json\/wp\/v2\/types\/post"}],"author":[{"embeddable":true,"href":"https:\/\/cronicadesoledad.com\/index.php\/wp-json\/wp\/v2\/users\/1"}],"replies":[{"embeddable":true,"href":"https:\/\/cronicadesoledad.com\/index.php\/wp-json\/wp\/v2\/comments?post=17765"}],"version-history":[{"count":1,"href":"https:\/\/cronicadesoledad.com\/index.php\/wp-json\/wp\/v2\/posts\/17765\/revisions"}],"predecessor-version":[{"id":17767,"href":"https:\/\/cronicadesoledad.com\/index.php\/wp-json\/wp\/v2\/posts\/17765\/revisions\/17767"}],"wp:featuredmedia":[{"embeddable":true,"href":"https:\/\/cronicadesoledad.com\/index.php\/wp-json\/wp\/v2\/media\/17766"}],"wp:attachment":[{"href":"https:\/\/cronicadesoledad.com\/index.php\/wp-json\/wp\/v2\/media?parent=17765"}],"wp:term":[{"taxonomy":"category","embeddable":true,"href":"https:\/\/cronicadesoledad.com\/index.php\/wp-json\/wp\/v2\/categories?post=17765"},{"taxonomy":"post_tag","embeddable":true,"href":"https:\/\/cronicadesoledad.com\/index.php\/wp-json\/wp\/v2\/tags?post=17765"}],"curies":[{"name":"wp","href":"https:\/\/api.w.org\/{rel}","templated":true}]}}