{"id":17772,"date":"2025-04-19T00:46:42","date_gmt":"2025-04-19T06:46:42","guid":{"rendered":"https:\/\/cronicadesoledad.com\/?p=17772"},"modified":"2025-04-19T00:46:43","modified_gmt":"2025-04-19T06:46:43","slug":"talento-potosino-vibrara-en-la-fenae-2025","status":"publish","type":"post","link":"https:\/\/cronicadesoledad.com\/index.php\/2025\/04\/19\/talento-potosino-vibrara-en-la-fenae-2025\/","title":{"rendered":"Talento potosino vibrar\u00e1 en la Fenae 2025"},"content":{"rendered":"\n<p>El escenario del Teatro del Pueblo de la Feria Nacional de la Enchilada (FENAE) 2025, no solo deslumbrar\u00e1 con la presentaci\u00f3n de artistas y agrupaciones de nivel internacional, sino que el talento local y potosino tambi\u00e9n tendr\u00e1 lugar en esta espectacular fiesta musical y gastron\u00f3mica, siendo un espacio para el impulso art\u00edstico regional y de su reconocimiento a nivel local.<\/p>\n\n\n\n<p>Derivado de la instrucci\u00f3n del Alcalde, Juan Manuel Navarro Mu\u00f1iz, de hacer de la FENAE una celebraci\u00f3n incluyente y cercana, en la que participen todas y todos los que deseen ser parte, se prepar\u00f3 una agenda musical con agrupaciones y artistas potosinos, quienes, con una propuesta fresca, innovadora y entretenida, ofrecer\u00e1n en cada d\u00eda de la Feria momentos agradables para las miles de familias potosinas y visitantes que acudan al centro de Soledad de Graciano S\u00e1nchez.<\/p>\n\n\n\n<p>El programa musical potosino iniciar\u00e1 a las 6:30 de la tarde y culminar\u00e1 a las 8:30 de la noche, tendiendo un espacio de una hora cada propuesta de talento, mientras se realizan divertidas din\u00e1micas de interacci\u00f3n con las y los asistentes, para luego dar comienzo a la presentaci\u00f3n estelar de la espectacular cartelera, teniendo as\u00ed, un punto de sana convivencia familiar y social, asegurando diversi\u00f3n al m\u00e1ximo.<\/p>\n\n\n\n<p>Para este domingo, d\u00eda en que vibrar\u00e1 el escenario con Grupo Ca\u00f1averal, las y los presentes disfrutar\u00e1n del talento art\u00edstico de Zona Cumbianchera y Klan Colombia, prendiendo con ritmos bailables a todo el p\u00fablico; el lunes, previo a la presentaci\u00f3n de La Maquinaria Norte\u00f1a, deleitar\u00e1n las agrupaciones Fascinaci\u00f3n Norte\u00f1a y Furia de Texas, con un g\u00e9nero que gusta chicos y grandes; el martes, encantar\u00e1n con su estilo The Burdel Band y Los Tolekos, para dar pie al romanticismo de Grupo Pesado; el mi\u00e9rcoles, antes de que suban al escenario Marca Registrada, se presentan Los Irreales y Clave VMC.<\/p>\n\n\n\n<p>La agenda musical continuar\u00e1 el pr\u00f3ximo viernes 25 con el deleite de la reconocida y gustosa Sonora Santanera, a quienes le abren el concierto el grupo Fantas\u00eda y la Internacional MX, ofreciendo una velada inolvidable; el s\u00e1bado 26, a las 6:00 y 7:00 y 8:00 de la noche, prenden el escenario con ritmo y much\u00edsima diversi\u00f3n para toda la familia, Los Sharpies, Los Mala Junta y el show del payaso Lunarcito, para dar entrada al mega espect\u00e1culo de Guerra de Chistes y Chuponcito; el domingo 27, ofrecer\u00e1n su talento juvenil local se encargar\u00e1 de entretener a un p\u00fablico exigente y peculiar, con El Band\u00f3n y Pura Marihuana, quienes preparar\u00e1n al p\u00fablico de Pantera B\u00e9lico para una noche espectacular.<\/p>\n\n\n\n<p>Por \u00faltimo, el Teatro del Pueblo se llena de ritmo completamente potosino, al presentar con gran orgullo a dos tres agrupaciones locales, siendo Leg\u00edtimo la que cuenta con un amplio reconocimiento nacional e internacional, y acompa\u00f1ado de Los Majao y grupo Korsario con K.<\/p>\n\n\n\n<p>De esta manera, el Teatro del Pueblo garantiza una espectacular cartelera de m\u00fasica, talento, ritmo y mucha diversi\u00f3n y entretenimiento para familias, parejas, grupos de amigos y solitarios que se den cita cada noche a partir de las 6:00 de la tarde, en la Feria Nacional de la Enchilada, una festividad que llega para acercar familias y ofrecer lo mejor de la gastronom\u00eda soledense al mundo, protagonizada por las Enchiladas y sus m\u00faltiples preparaciones.<\/p>\n","protected":false},"excerpt":{"rendered":"<p>El escenario del Teatro del Pueblo de la Feria Nacional de la Enchilada (FENAE) 2025, no solo deslumbrar\u00e1 con la presentaci\u00f3n de artistas y agrupaciones de nivel internacional, sino que el talento local y potosino tambi\u00e9n tendr\u00e1 lugar en esta espectacular fiesta musical y gastron\u00f3mica, siendo un espacio para el impulso art\u00edstico regional y de [&hellip;]<\/p>\n","protected":false},"author":2,"featured_media":17773,"comment_status":"open","ping_status":"open","sticky":false,"template":"","format":"standard","meta":{"footnotes":""},"categories":[1,24,21],"tags":[2922,223,1635,3869,294,261,27],"class_list":{"0":"post-17772","1":"post","2":"type-post","3":"status-publish","4":"format-standard","5":"has-post-thumbnail","7":"category-destacadas","8":"category-informacion-general","9":"category-tu-soledad","10":"tag-2922","11":"tag-ayuntamiento-soledense","12":"tag-fenae","13":"tag-fenae-2025","14":"tag-san-luis","15":"tag-slp","16":"tag-soledad"},"_links":{"self":[{"href":"https:\/\/cronicadesoledad.com\/index.php\/wp-json\/wp\/v2\/posts\/17772","targetHints":{"allow":["GET"]}}],"collection":[{"href":"https:\/\/cronicadesoledad.com\/index.php\/wp-json\/wp\/v2\/posts"}],"about":[{"href":"https:\/\/cronicadesoledad.com\/index.php\/wp-json\/wp\/v2\/types\/post"}],"author":[{"embeddable":true,"href":"https:\/\/cronicadesoledad.com\/index.php\/wp-json\/wp\/v2\/users\/2"}],"replies":[{"embeddable":true,"href":"https:\/\/cronicadesoledad.com\/index.php\/wp-json\/wp\/v2\/comments?post=17772"}],"version-history":[{"count":1,"href":"https:\/\/cronicadesoledad.com\/index.php\/wp-json\/wp\/v2\/posts\/17772\/revisions"}],"predecessor-version":[{"id":17774,"href":"https:\/\/cronicadesoledad.com\/index.php\/wp-json\/wp\/v2\/posts\/17772\/revisions\/17774"}],"wp:featuredmedia":[{"embeddable":true,"href":"https:\/\/cronicadesoledad.com\/index.php\/wp-json\/wp\/v2\/media\/17773"}],"wp:attachment":[{"href":"https:\/\/cronicadesoledad.com\/index.php\/wp-json\/wp\/v2\/media?parent=17772"}],"wp:term":[{"taxonomy":"category","embeddable":true,"href":"https:\/\/cronicadesoledad.com\/index.php\/wp-json\/wp\/v2\/categories?post=17772"},{"taxonomy":"post_tag","embeddable":true,"href":"https:\/\/cronicadesoledad.com\/index.php\/wp-json\/wp\/v2\/tags?post=17772"}],"curies":[{"name":"wp","href":"https:\/\/api.w.org\/{rel}","templated":true}]}}