{"id":17778,"date":"2025-04-19T01:11:13","date_gmt":"2025-04-19T07:11:13","guid":{"rendered":"https:\/\/cronicadesoledad.com\/?p=17778"},"modified":"2025-04-19T01:11:14","modified_gmt":"2025-04-19T07:11:14","slug":"ayuntamiento-informa-los-derechos-de-personas-adultas-mayores","status":"publish","type":"post","link":"https:\/\/cronicadesoledad.com\/index.php\/2025\/04\/19\/ayuntamiento-informa-los-derechos-de-personas-adultas-mayores\/","title":{"rendered":"Ayuntamiento informa los derechos de personas adultas mayores"},"content":{"rendered":"\n<p>En un esfuerzo por mantener un Gobierno cercano a la gente y garantizar ambientes de calidad y calidez, el Ayuntamiento de Soledad de Graciano S\u00e1nchez llev\u00f3 a cabo una pl\u00e1tica en el Centro de Desarrollo Comunitario &#8220;21 de Marzo&#8221;, realizada, a trav\u00e9s de la Procuradur\u00eda de la Defensa de las Personas Adultas Mayores (PDPAM) y el DIF Estatal, y en cual tuvo como objetivo informar y concientizar sobre los derechos de los adultos mayores.<\/p>\n\n\n\n<p>Al respecto, la Presidenta del Sistema Municipal para el Desarrollo Integral de la Familia (DIF) de Soledad, Mar\u00eda del Pilar Cardona Reyna, por indicaciones del Alcalde Juan Manuel Navarro Mu\u00f1iz, se impartir\u00e1n m\u00e1s talleres con diferentes tem\u00e1ticas orientadas al desarrollo y bienestar de los adultos mayores en la comunidad, actividades con la finalidad de mejorar la calidad de vida de este grupo vulnerable y reforzar su integraci\u00f3n en la sociedad.<\/p>\n\n\n\n<p>En cuanto a la pl\u00e1tica, detall\u00f3 que durante la sesi\u00f3n titulada \u201cDerechos de los Adultos Mayores\u201d, se abordaron temas sobre el trato que deben recibir los adultos mayores en la sociedad y las instituciones que velan por ello; se enfatiz\u00f3 la importancia de que no sean objeto de agresiones f\u00edsicas ni psicol\u00f3gicas y se promovi\u00f3 la necesidad de un trato cordial y respetuoso hacia este sector de la poblaci\u00f3n.<\/p>\n\n\n\n<p>M\u00e1s de 48 adultos mayores estuvieron presentes en el evento, d\u00f3nde participaron activamente en la pl\u00e1tica, y tambi\u00e9n a quienes requer\u00edan apoyo adicional, se les brind\u00f3 la asesor\u00eda necesaria y se les canaliz\u00f3 para recibir un apoyo m\u00e1s personalizado. Asimismo, tambi\u00e9n se ofreci\u00f3 orientaci\u00f3n legal sobre el tr\u00e1mite de su herencia.<\/p>\n\n\n\n<p>Finalmente, dijo que este tipo de iniciativas refuerzan el compromiso del Ayuntamiento de Soledad para cuidar y apoyar a sus ciudadanos m\u00e1s vulnerables, fomentando una cultura de respeto y dignidad hacia los adultos mayores, todo esto manteniendo un Gobierno cercano a la poblaci\u00f3n para atender de manera inmediata todas las demandas de la ciudadan\u00eda.<\/p>\n","protected":false},"excerpt":{"rendered":"<p>En un esfuerzo por mantener un Gobierno cercano a la gente y garantizar ambientes de calidad y calidez, el Ayuntamiento de Soledad de Graciano S\u00e1nchez llev\u00f3 a cabo una pl\u00e1tica en el Centro de Desarrollo Comunitario &#8220;21 de Marzo&#8221;, realizada, a trav\u00e9s de la Procuradur\u00eda de la Defensa de las Personas Adultas Mayores (PDPAM) y [&hellip;]<\/p>\n","protected":false},"author":2,"featured_media":17779,"comment_status":"open","ping_status":"open","sticky":false,"template":"","format":"standard","meta":{"footnotes":""},"categories":[1,24,21],"tags":[681,223,499,294,261,27],"class_list":{"0":"post-17778","1":"post","2":"type-post","3":"status-publish","4":"format-standard","5":"has-post-thumbnail","7":"category-destacadas","8":"category-informacion-general","9":"category-tu-soledad","10":"tag-adultos-mayores","11":"tag-ayuntamiento-soledense","12":"tag-dif-municipal","13":"tag-san-luis","14":"tag-slp","15":"tag-soledad"},"_links":{"self":[{"href":"https:\/\/cronicadesoledad.com\/index.php\/wp-json\/wp\/v2\/posts\/17778","targetHints":{"allow":["GET"]}}],"collection":[{"href":"https:\/\/cronicadesoledad.com\/index.php\/wp-json\/wp\/v2\/posts"}],"about":[{"href":"https:\/\/cronicadesoledad.com\/index.php\/wp-json\/wp\/v2\/types\/post"}],"author":[{"embeddable":true,"href":"https:\/\/cronicadesoledad.com\/index.php\/wp-json\/wp\/v2\/users\/2"}],"replies":[{"embeddable":true,"href":"https:\/\/cronicadesoledad.com\/index.php\/wp-json\/wp\/v2\/comments?post=17778"}],"version-history":[{"count":1,"href":"https:\/\/cronicadesoledad.com\/index.php\/wp-json\/wp\/v2\/posts\/17778\/revisions"}],"predecessor-version":[{"id":17780,"href":"https:\/\/cronicadesoledad.com\/index.php\/wp-json\/wp\/v2\/posts\/17778\/revisions\/17780"}],"wp:featuredmedia":[{"embeddable":true,"href":"https:\/\/cronicadesoledad.com\/index.php\/wp-json\/wp\/v2\/media\/17779"}],"wp:attachment":[{"href":"https:\/\/cronicadesoledad.com\/index.php\/wp-json\/wp\/v2\/media?parent=17778"}],"wp:term":[{"taxonomy":"category","embeddable":true,"href":"https:\/\/cronicadesoledad.com\/index.php\/wp-json\/wp\/v2\/categories?post=17778"},{"taxonomy":"post_tag","embeddable":true,"href":"https:\/\/cronicadesoledad.com\/index.php\/wp-json\/wp\/v2\/tags?post=17778"}],"curies":[{"name":"wp","href":"https:\/\/api.w.org\/{rel}","templated":true}]}}