{"id":17805,"date":"2025-04-19T15:30:00","date_gmt":"2025-04-19T21:30:00","guid":{"rendered":"https:\/\/cronicadesoledad.com\/?p=17805"},"modified":"2025-04-19T14:28:24","modified_gmt":"2025-04-19T20:28:24","slug":"gce-detiene-a-personas-por-probable-violencia-familiar","status":"publish","type":"post","link":"https:\/\/cronicadesoledad.com\/index.php\/2025\/04\/19\/gce-detiene-a-personas-por-probable-violencia-familiar\/","title":{"rendered":"GCE detiene a personas por probable violencia familiar"},"content":{"rendered":"\n<p>Mediante los reportes ciudadanos atendidos en la L\u00ednea de Emergencias 9-1-1,&nbsp; tres personas fueron detenidas por el probable delito de violencia familiar.&nbsp;<\/p>\n\n\n\n<p>El primer hecho tuvo lugar en la colonia&nbsp; Aguaje 2000, ah\u00ed&nbsp; fue detenida Perla &#8220;N&#8221; de 23 a\u00f1os de edad, tras los se\u00f1alamientos&nbsp; de su progenitora, por violencia familiar; en la colonia&nbsp; Potos\u00ed&nbsp; Rioverde,&nbsp; Ram\u00f3n &#8220;N&#8221; de 28 a\u00f1os, qued\u00f3 detenido,&nbsp; a petici\u00f3n de su progenitor,&nbsp; quien lo se\u00f1al\u00f3&nbsp; de haberlo agredido minutos antes.&nbsp;<\/p>\n\n\n\n<p>Por \u00faltimo,&nbsp; en el municipio de Ciudad Valles,&nbsp; Jorge &#8220;N&#8221; de 49 a\u00f1os de edad, fue detenido, por probables agresiones a su pareja sentimental.&nbsp;<\/p>\n\n\n\n<p>En los casos anteriores,&nbsp; las personas detenidas quedaron a disposici\u00f3n de la Fiscal\u00eda General del Estado.&nbsp;<\/p>\n\n\n\n<p>Para garantizar una vida libre de violencia,&nbsp; la Guardia Civil Estatal atiende de forma inmediata los diferentes reportes que se canalizan por el Sistema de Emergencias 9-1-1,&nbsp; lo que permite&nbsp; actuar de manera eficaz ante los auxilios ciudadanos.<\/p>\n","protected":false},"excerpt":{"rendered":"<p>Mediante los reportes ciudadanos atendidos en la L\u00ednea de Emergencias 9-1-1,&nbsp; tres personas fueron detenidas por el probable delito de violencia familiar.&nbsp; El primer hecho tuvo lugar en la colonia&nbsp; Aguaje 2000, ah\u00ed&nbsp; fue detenida Perla &#8220;N&#8221; de 23 a\u00f1os de edad, tras los se\u00f1alamientos&nbsp; de su progenitora, por violencia familiar; en la colonia&nbsp; Potos\u00ed&nbsp; [&hellip;]<\/p>\n","protected":false},"author":1,"featured_media":17806,"comment_status":"open","ping_status":"open","sticky":false,"template":"","format":"standard","meta":{"footnotes":""},"categories":[30,24],"tags":[470,1913,294,276,261,27,1900],"class_list":{"0":"post-17805","1":"post","2":"type-post","3":"status-publish","4":"format-standard","5":"has-post-thumbnail","7":"category-de-la-region-centro","8":"category-informacion-general","9":"tag-detenidos","10":"tag-gce","11":"tag-san-luis","12":"tag-seguridad","13":"tag-slp","14":"tag-soledad","15":"tag-violencia-familiar"},"_links":{"self":[{"href":"https:\/\/cronicadesoledad.com\/index.php\/wp-json\/wp\/v2\/posts\/17805","targetHints":{"allow":["GET"]}}],"collection":[{"href":"https:\/\/cronicadesoledad.com\/index.php\/wp-json\/wp\/v2\/posts"}],"about":[{"href":"https:\/\/cronicadesoledad.com\/index.php\/wp-json\/wp\/v2\/types\/post"}],"author":[{"embeddable":true,"href":"https:\/\/cronicadesoledad.com\/index.php\/wp-json\/wp\/v2\/users\/1"}],"replies":[{"embeddable":true,"href":"https:\/\/cronicadesoledad.com\/index.php\/wp-json\/wp\/v2\/comments?post=17805"}],"version-history":[{"count":1,"href":"https:\/\/cronicadesoledad.com\/index.php\/wp-json\/wp\/v2\/posts\/17805\/revisions"}],"predecessor-version":[{"id":17807,"href":"https:\/\/cronicadesoledad.com\/index.php\/wp-json\/wp\/v2\/posts\/17805\/revisions\/17807"}],"wp:featuredmedia":[{"embeddable":true,"href":"https:\/\/cronicadesoledad.com\/index.php\/wp-json\/wp\/v2\/media\/17806"}],"wp:attachment":[{"href":"https:\/\/cronicadesoledad.com\/index.php\/wp-json\/wp\/v2\/media?parent=17805"}],"wp:term":[{"taxonomy":"category","embeddable":true,"href":"https:\/\/cronicadesoledad.com\/index.php\/wp-json\/wp\/v2\/categories?post=17805"},{"taxonomy":"post_tag","embeddable":true,"href":"https:\/\/cronicadesoledad.com\/index.php\/wp-json\/wp\/v2\/tags?post=17805"}],"curies":[{"name":"wp","href":"https:\/\/api.w.org\/{rel}","templated":true}]}}