{"id":17817,"date":"2025-04-19T17:00:00","date_gmt":"2025-04-19T23:00:00","guid":{"rendered":"https:\/\/cronicadesoledad.com\/?p=17817"},"modified":"2025-04-19T15:08:35","modified_gmt":"2025-04-19T21:08:35","slug":"persisten-las-fallas-en-el-realito-y-continuan-los-cortes-de-agua-en-la-capital","status":"publish","type":"post","link":"https:\/\/cronicadesoledad.com\/index.php\/2025\/04\/19\/persisten-las-fallas-en-el-realito-y-continuan-los-cortes-de-agua-en-la-capital\/","title":{"rendered":"Persisten las fallas en El Realito y contin\u00faan los cortes de agua en la capital"},"content":{"rendered":"\n<p>El sistema de acueducto El Realito volvi\u00f3 a fallar, dejando sin agua a varias colonias de San Luis Potos\u00ed y elevando a 83 el n\u00famero total de interrupciones registradas desde que comenz\u00f3 a operar en 2015. Esta es ya la s\u00e9ptima falla ocurrida en lo que va del 2025.<\/p>\n\n\n\n<p>Ante la situaci\u00f3n, el organismo operador INTERAPAS activ\u00f3 los pozos de reserva Balcones y Hostal, rehabilitados desde el a\u00f1o pasado, como parte del plan de contingencia para garantizar el abasto en la mayor\u00eda de las zonas afectadas. No obstante, colonias como Prados primera secci\u00f3n, J. Aldana, Jardines de Oriente, Azteca y Cecilia Occelli seguir\u00e1n sin suministro por red y ser\u00e1n atendidas mediante camiones cisterna.<\/p>\n\n\n\n<p>El Realito ha presentado un historial creciente de fallas, en especial durante los \u00faltimos tres a\u00f1os, lo que ha provocado inquietud en la poblaci\u00f3n ante la evidente fragilidad del sistema. A pesar de las medidas emergentes, cada nueva aver\u00eda renueva el debate sobre la viabilidad y confiabilidad del acueducto para atender la demanda h\u00eddrica de la capital y su zona conurbada.<\/p>\n\n\n\n<p>INTERAPAS ha pedido a la ciudadan\u00eda hacer un uso moderado del agua y mantenerse atenta a los canales oficiales de informaci\u00f3n, mientras contin\u00faan los trabajos t\u00e9cnicos para restablecer el servicio.<\/p>\n","protected":false},"excerpt":{"rendered":"<p>El sistema de acueducto El Realito volvi\u00f3 a fallar, dejando sin agua a varias colonias de San Luis Potos\u00ed y elevando a 83 el n\u00famero total de interrupciones registradas desde que comenz\u00f3 a operar en 2015. Esta es ya la s\u00e9ptima falla ocurrida en lo que va del 2025. Ante la situaci\u00f3n, el organismo operador [&hellip;]<\/p>\n","protected":false},"author":1,"featured_media":17818,"comment_status":"open","ping_status":"open","sticky":false,"template":"","format":"standard","meta":{"footnotes":""},"categories":[30,24,3163,3080],"tags":[2655,3840,80,294,261,27],"class_list":{"0":"post-17817","1":"post","2":"type-post","3":"status-publish","4":"format-standard","5":"has-post-thumbnail","7":"category-de-la-region-centro","8":"category-informacion-general","9":"category-san-luis-potosi","10":"category-slp","11":"tag-el-realito","12":"tag-fallas","13":"tag-interapas","14":"tag-san-luis","15":"tag-slp","16":"tag-soledad"},"_links":{"self":[{"href":"https:\/\/cronicadesoledad.com\/index.php\/wp-json\/wp\/v2\/posts\/17817","targetHints":{"allow":["GET"]}}],"collection":[{"href":"https:\/\/cronicadesoledad.com\/index.php\/wp-json\/wp\/v2\/posts"}],"about":[{"href":"https:\/\/cronicadesoledad.com\/index.php\/wp-json\/wp\/v2\/types\/post"}],"author":[{"embeddable":true,"href":"https:\/\/cronicadesoledad.com\/index.php\/wp-json\/wp\/v2\/users\/1"}],"replies":[{"embeddable":true,"href":"https:\/\/cronicadesoledad.com\/index.php\/wp-json\/wp\/v2\/comments?post=17817"}],"version-history":[{"count":1,"href":"https:\/\/cronicadesoledad.com\/index.php\/wp-json\/wp\/v2\/posts\/17817\/revisions"}],"predecessor-version":[{"id":17819,"href":"https:\/\/cronicadesoledad.com\/index.php\/wp-json\/wp\/v2\/posts\/17817\/revisions\/17819"}],"wp:featuredmedia":[{"embeddable":true,"href":"https:\/\/cronicadesoledad.com\/index.php\/wp-json\/wp\/v2\/media\/17818"}],"wp:attachment":[{"href":"https:\/\/cronicadesoledad.com\/index.php\/wp-json\/wp\/v2\/media?parent=17817"}],"wp:term":[{"taxonomy":"category","embeddable":true,"href":"https:\/\/cronicadesoledad.com\/index.php\/wp-json\/wp\/v2\/categories?post=17817"},{"taxonomy":"post_tag","embeddable":true,"href":"https:\/\/cronicadesoledad.com\/index.php\/wp-json\/wp\/v2\/tags?post=17817"}],"curies":[{"name":"wp","href":"https:\/\/api.w.org\/{rel}","templated":true}]}}