{"id":17820,"date":"2025-04-19T17:17:36","date_gmt":"2025-04-19T23:17:36","guid":{"rendered":"https:\/\/cronicadesoledad.com\/?p=17820"},"modified":"2025-04-19T17:17:37","modified_gmt":"2025-04-19T23:17:37","slug":"implemento-un-dispositivo-de-vigilancia-este-sabado-de-gloria-para-evitar-el-uso-irracional-del-agua","status":"publish","type":"post","link":"https:\/\/cronicadesoledad.com\/index.php\/2025\/04\/19\/implemento-un-dispositivo-de-vigilancia-este-sabado-de-gloria-para-evitar-el-uso-irracional-del-agua\/","title":{"rendered":"Implement\u00f3 un dispositivo de vigilancia este s\u00e1bado de Gloria para evitar el uso irracional del agua."},"content":{"rendered":"\n<p>La Guardia Civil Municipal de Villa de Pozos intensific\u00f3 este s\u00e1bado sus rondas de vigilancia en diversos puntos estrat\u00e9gicos de la ciudad, con el objetivo de prevenir el desperdicio de agua durante las celebraciones tradicionales del S\u00e1bado de Gloria, acci\u00f3n forma parte de un operativo especial implementado durante la Semana Santa para fomentar el uso responsable del vital liquido.<\/p>\n\n\n\n<p>Desde tempranas horas de la ma\u00f1ana, los elementos de seguridad se recorren las colonias, parques y espacios p\u00fablicos donde usualmente se registran pr\u00e1cticas indebidas como el lanzamiento de agua en la v\u00eda p\u00fablica. La presencia policial busc\u00f3 disuadir estas acciones y sensibilizar a la poblaci\u00f3n sobre la importancia del cuidado del agua, especialmente ante los per\u00edodos de sequ\u00eda que afectan a la regi\u00f3n.<\/p>\n\n\n\n<p>Adem\u00e1s de la vigilancia, los agentes realizaron trabajos informativos dirigidos a ni\u00f1os, j\u00f3venes y adultos, explicando las consecuencias ambientales y sociales del desperdicio del recurso h\u00eddrico.<\/p>\n\n\n\n<p>Asimismo, se hizo un llamado a respetar el reglamento municipal que proh\u00edbe expresamente esta pr\u00e1ctica durante los d\u00edas santos.<\/p>\n","protected":false},"excerpt":{"rendered":"<p>La Guardia Civil Municipal de Villa de Pozos intensific\u00f3 este s\u00e1bado sus rondas de vigilancia en diversos puntos estrat\u00e9gicos de la ciudad, con el objetivo de prevenir el desperdicio de agua durante las celebraciones tradicionales del S\u00e1bado de Gloria, acci\u00f3n forma parte de un operativo especial implementado durante la Semana Santa para fomentar el uso [&hellip;]<\/p>\n","protected":false},"author":1,"featured_media":17821,"comment_status":"open","ping_status":"open","sticky":false,"template":"","format":"standard","meta":{"footnotes":""},"categories":[24,3175],"tags":[530,3198,294,261,1068],"class_list":{"0":"post-17820","1":"post","2":"type-post","3":"status-publish","4":"format-standard","5":"has-post-thumbnail","7":"category-informacion-general","8":"category-pozos","9":"tag-agua","10":"tag-guardia-civil-municial","11":"tag-san-luis","12":"tag-slp","13":"tag-villa-de-pozos"},"_links":{"self":[{"href":"https:\/\/cronicadesoledad.com\/index.php\/wp-json\/wp\/v2\/posts\/17820","targetHints":{"allow":["GET"]}}],"collection":[{"href":"https:\/\/cronicadesoledad.com\/index.php\/wp-json\/wp\/v2\/posts"}],"about":[{"href":"https:\/\/cronicadesoledad.com\/index.php\/wp-json\/wp\/v2\/types\/post"}],"author":[{"embeddable":true,"href":"https:\/\/cronicadesoledad.com\/index.php\/wp-json\/wp\/v2\/users\/1"}],"replies":[{"embeddable":true,"href":"https:\/\/cronicadesoledad.com\/index.php\/wp-json\/wp\/v2\/comments?post=17820"}],"version-history":[{"count":1,"href":"https:\/\/cronicadesoledad.com\/index.php\/wp-json\/wp\/v2\/posts\/17820\/revisions"}],"predecessor-version":[{"id":17822,"href":"https:\/\/cronicadesoledad.com\/index.php\/wp-json\/wp\/v2\/posts\/17820\/revisions\/17822"}],"wp:featuredmedia":[{"embeddable":true,"href":"https:\/\/cronicadesoledad.com\/index.php\/wp-json\/wp\/v2\/media\/17821"}],"wp:attachment":[{"href":"https:\/\/cronicadesoledad.com\/index.php\/wp-json\/wp\/v2\/media?parent=17820"}],"wp:term":[{"taxonomy":"category","embeddable":true,"href":"https:\/\/cronicadesoledad.com\/index.php\/wp-json\/wp\/v2\/categories?post=17820"},{"taxonomy":"post_tag","embeddable":true,"href":"https:\/\/cronicadesoledad.com\/index.php\/wp-json\/wp\/v2\/tags?post=17820"}],"curies":[{"name":"wp","href":"https:\/\/api.w.org\/{rel}","templated":true}]}}