{"id":17835,"date":"2025-04-20T14:30:00","date_gmt":"2025-04-20T20:30:00","guid":{"rendered":"https:\/\/cronicadesoledad.com\/?p=17835"},"modified":"2025-04-20T12:43:41","modified_gmt":"2025-04-20T18:43:41","slug":"el-papa-francisco-reaparece-brevemente-en-domingo-de-resurreccion","status":"publish","type":"post","link":"https:\/\/cronicadesoledad.com\/index.php\/2025\/04\/20\/el-papa-francisco-reaparece-brevemente-en-domingo-de-resurreccion\/","title":{"rendered":"El papa Francisco reaparece brevemente en Domingo de Resurrecci\u00f3n"},"content":{"rendered":"\n<p>A\u00fan en proceso de recuperaci\u00f3n, el papa Francisco reapareci\u00f3 brevemente este Domingo de Resurrecci\u00f3n para ofrecer la bendici\u00f3n <em>Urbi et Orbi<\/em> desde el balc\u00f3n central de la bas\u00edlica de San Pedro, en uno de los gestos m\u00e1s esperados de la Semana Santa, que este a\u00f1o vivi\u00f3 desde la distancia.<\/p>\n\n\n\n<p>El pont\u00edfice argentino, que ha permanecido al margen de las celebraciones lit\u00fargicas por complicaciones respiratorias, se dej\u00f3 ver en silla de ruedas ante los m\u00e1s de 35 mil fieles congregados en la plaza vaticana. Sin ox\u00edgeno visible y con voz limitada, s\u00f3lo alcanz\u00f3 a desear una \u201cBuena Pascua\u201d antes de ceder la lectura del mensaje pascual al maestro de ceremonias.<\/p>\n\n\n\n<p>Esta ha sido una Semana Santa at\u00edpica para el papa, marcada por la ausencia en los principales ritos. Su estado de salud, tras una neumon\u00eda que lo mantuvo hospitalizado durante 38 d\u00edas, impidi\u00f3 su participaci\u00f3n plena. Apenas el jueves se desplaz\u00f3 brevemente a la c\u00e1rcel de Regina Coeli para saludar a los internos, una visita simb\u00f3lica que ha mantenido desde el inicio de su papado.<\/p>\n\n\n\n<p>El s\u00e1bado, sorprendi\u00f3 a los presentes al presentarse discretamente en la bas\u00edlica de San Pedro para orar antes de la Vigilia Pascual, donde se detuvo a conversar con algunos peregrinos. A la salida, cuando los medios le preguntaron c\u00f3mo viv\u00eda estos d\u00edas, respondi\u00f3 con sinceridad: \u201cLa vivo como puedo\u201d.<\/p>\n\n\n\n<p>La escena de este domingo \u2014un papa fr\u00e1gil, pero presente\u2014 dej\u00f3 ver el esfuerzo de mantenerse conectado con los fieles en una fecha clave para el mundo cat\u00f3lico, y al mismo tiempo revel\u00f3 la vulnerabilidad de un pont\u00edfice que atraviesa uno de los momentos de salud m\u00e1s delicados de su papado.<\/p>\n","protected":false},"excerpt":{"rendered":"<p>A\u00fan en proceso de recuperaci\u00f3n, el papa Francisco reapareci\u00f3 brevemente este Domingo de Resurrecci\u00f3n para ofrecer la bendici\u00f3n Urbi et Orbi desde el balc\u00f3n central de la bas\u00edlica de San Pedro, en uno de los gestos m\u00e1s esperados de la Semana Santa, que este a\u00f1o vivi\u00f3 desde la distancia. El pont\u00edfice argentino, que ha permanecido [&hellip;]<\/p>\n","protected":false},"author":1,"featured_media":17836,"comment_status":"open","ping_status":"open","sticky":false,"template":"","format":"standard","meta":{"footnotes":""},"categories":[30,24],"tags":[4015,288,1155,294,261,27],"class_list":{"0":"post-17835","1":"post","2":"type-post","3":"status-publish","4":"format-standard","5":"has-post-thumbnail","7":"category-de-la-region-centro","8":"category-informacion-general","9":"tag-domingo-de-resurreccion","10":"tag-internacional","11":"tag-papa-francisco","12":"tag-san-luis","13":"tag-slp","14":"tag-soledad"},"_links":{"self":[{"href":"https:\/\/cronicadesoledad.com\/index.php\/wp-json\/wp\/v2\/posts\/17835","targetHints":{"allow":["GET"]}}],"collection":[{"href":"https:\/\/cronicadesoledad.com\/index.php\/wp-json\/wp\/v2\/posts"}],"about":[{"href":"https:\/\/cronicadesoledad.com\/index.php\/wp-json\/wp\/v2\/types\/post"}],"author":[{"embeddable":true,"href":"https:\/\/cronicadesoledad.com\/index.php\/wp-json\/wp\/v2\/users\/1"}],"replies":[{"embeddable":true,"href":"https:\/\/cronicadesoledad.com\/index.php\/wp-json\/wp\/v2\/comments?post=17835"}],"version-history":[{"count":1,"href":"https:\/\/cronicadesoledad.com\/index.php\/wp-json\/wp\/v2\/posts\/17835\/revisions"}],"predecessor-version":[{"id":17837,"href":"https:\/\/cronicadesoledad.com\/index.php\/wp-json\/wp\/v2\/posts\/17835\/revisions\/17837"}],"wp:featuredmedia":[{"embeddable":true,"href":"https:\/\/cronicadesoledad.com\/index.php\/wp-json\/wp\/v2\/media\/17836"}],"wp:attachment":[{"href":"https:\/\/cronicadesoledad.com\/index.php\/wp-json\/wp\/v2\/media?parent=17835"}],"wp:term":[{"taxonomy":"category","embeddable":true,"href":"https:\/\/cronicadesoledad.com\/index.php\/wp-json\/wp\/v2\/categories?post=17835"},{"taxonomy":"post_tag","embeddable":true,"href":"https:\/\/cronicadesoledad.com\/index.php\/wp-json\/wp\/v2\/tags?post=17835"}],"curies":[{"name":"wp","href":"https:\/\/api.w.org\/{rel}","templated":true}]}}