{"id":17838,"date":"2025-04-20T15:30:00","date_gmt":"2025-04-20T21:30:00","guid":{"rendered":"https:\/\/cronicadesoledad.com\/?p=17838"},"modified":"2025-04-20T12:56:17","modified_gmt":"2025-04-20T18:56:17","slug":"primera-edicion-del-raul-alcala-challenge-reune-a-mas-de-2-mil-ciclistas","status":"publish","type":"post","link":"https:\/\/cronicadesoledad.com\/index.php\/2025\/04\/20\/primera-edicion-del-raul-alcala-challenge-reune-a-mas-de-2-mil-ciclistas\/","title":{"rendered":"Primera edici\u00f3n del Ra\u00fal Alcal\u00e1 Challenge re\u00fane a m\u00e1s de 2 mil ciclistas"},"content":{"rendered":"\n<p>San Luis Potos\u00ed fue sede del arranque del <em>Ra\u00fal Alcal\u00e1 Challenge 2025<\/em>, una competencia ciclista que en su primera edici\u00f3n logr\u00f3 reunir a m\u00e1s de 2 mil participantes nacionales e internacionales, convirti\u00e9ndose en uno de los eventos destacados del IV Festival Internacional San Luis en Primavera.<\/p>\n\n\n\n<p>El banderazo de salida se realiz\u00f3 en el Parque de Morales, encabezado por el alcalde Enrique Galindo Ceballos y el exciclista profesional Ra\u00fal Alcal\u00e1. Ambos recorrieron parte del circuito junto al pelot\u00f3n, en una jornada que combin\u00f3 deporte, turismo y convivencia ciudadana. La iniciativa forma parte de los esfuerzos por consolidar a la capital potosina como Capital Latinoamericana del Turismo Deportivo 2025.<\/p>\n\n\n\n<p>La competencia se dividi\u00f3 en dos trayectos: el Medio Fondo, de 50 kil\u00f3metros, y el Gran Fondo, de 105 kil\u00f3metros. Los recorridos abarcaron puntos clave de la ciudad y sus alrededores, como el Perif\u00e9rico, Pe\u00f1asco y la delegaci\u00f3n de Bocas. Para garantizar la seguridad de los participantes, la Secretar\u00eda de Seguridad y Protecci\u00f3n Ciudadana Municipal despleg\u00f3 un operativo especial de vigilancia y control vial.<\/p>\n\n\n\n<p>Ra\u00fal Alcal\u00e1, primer ciclista mexicano en participar en el Tour de Francia, reconoci\u00f3 el respaldo institucional y el inter\u00e9s por impulsar el ciclismo como una opci\u00f3n de desarrollo deportivo para nuevas generaciones. Por su parte, Galindo Ceballos destac\u00f3 la importancia de integrar este tipo de eventos en la agenda municipal como una forma de fomentar el deporte y proyectar a San Luis Potos\u00ed a nivel internacional.<\/p>\n","protected":false},"excerpt":{"rendered":"<p>San Luis Potos\u00ed fue sede del arranque del Ra\u00fal Alcal\u00e1 Challenge 2025, una competencia ciclista que en su primera edici\u00f3n logr\u00f3 reunir a m\u00e1s de 2 mil participantes nacionales e internacionales, convirti\u00e9ndose en uno de los eventos destacados del IV Festival Internacional San Luis en Primavera. El banderazo de salida se realiz\u00f3 en el Parque [&hellip;]<\/p>\n","protected":false},"author":1,"featured_media":17839,"comment_status":"open","ping_status":"open","sticky":false,"template":"","format":"standard","meta":{"footnotes":""},"categories":[30,24,3163,3080],"tags":[4016,271,1064,4017,294,261,27],"class_list":{"0":"post-17838","1":"post","2":"type-post","3":"status-publish","4":"format-standard","5":"has-post-thumbnail","7":"category-de-la-region-centro","8":"category-informacion-general","9":"category-san-luis-potosi","10":"category-slp","11":"tag-cciclismo","12":"tag-deporte","13":"tag-enrique-galindo","14":"tag-raul-alcala-challenge","15":"tag-san-luis","16":"tag-slp","17":"tag-soledad"},"_links":{"self":[{"href":"https:\/\/cronicadesoledad.com\/index.php\/wp-json\/wp\/v2\/posts\/17838","targetHints":{"allow":["GET"]}}],"collection":[{"href":"https:\/\/cronicadesoledad.com\/index.php\/wp-json\/wp\/v2\/posts"}],"about":[{"href":"https:\/\/cronicadesoledad.com\/index.php\/wp-json\/wp\/v2\/types\/post"}],"author":[{"embeddable":true,"href":"https:\/\/cronicadesoledad.com\/index.php\/wp-json\/wp\/v2\/users\/1"}],"replies":[{"embeddable":true,"href":"https:\/\/cronicadesoledad.com\/index.php\/wp-json\/wp\/v2\/comments?post=17838"}],"version-history":[{"count":1,"href":"https:\/\/cronicadesoledad.com\/index.php\/wp-json\/wp\/v2\/posts\/17838\/revisions"}],"predecessor-version":[{"id":17840,"href":"https:\/\/cronicadesoledad.com\/index.php\/wp-json\/wp\/v2\/posts\/17838\/revisions\/17840"}],"wp:featuredmedia":[{"embeddable":true,"href":"https:\/\/cronicadesoledad.com\/index.php\/wp-json\/wp\/v2\/media\/17839"}],"wp:attachment":[{"href":"https:\/\/cronicadesoledad.com\/index.php\/wp-json\/wp\/v2\/media?parent=17838"}],"wp:term":[{"taxonomy":"category","embeddable":true,"href":"https:\/\/cronicadesoledad.com\/index.php\/wp-json\/wp\/v2\/categories?post=17838"},{"taxonomy":"post_tag","embeddable":true,"href":"https:\/\/cronicadesoledad.com\/index.php\/wp-json\/wp\/v2\/tags?post=17838"}],"curies":[{"name":"wp","href":"https:\/\/api.w.org\/{rel}","templated":true}]}}