{"id":17847,"date":"2025-04-20T15:06:58","date_gmt":"2025-04-20T21:06:58","guid":{"rendered":"https:\/\/cronicadesoledad.com\/?p=17847"},"modified":"2025-04-20T15:06:59","modified_gmt":"2025-04-20T21:06:59","slug":"se-realiza-la-quema-de-judas-2025-en-plaza-del-carmen","status":"publish","type":"post","link":"https:\/\/cronicadesoledad.com\/index.php\/2025\/04\/20\/se-realiza-la-quema-de-judas-2025-en-plaza-del-carmen\/","title":{"rendered":"Se realiza la Quema de Judas 2025 en Plaza del Carmen"},"content":{"rendered":"\n<p>La Plaza del Carmen fue escenario de una de las expresiones culturales m\u00e1s representativas de la Semana Santa en San Luis Potos\u00ed: la Quema de Judas. En su edici\u00f3n 2025, la celebraci\u00f3n reuni\u00f3 a cientos de asistentes que presenciaron la incineraci\u00f3n de 37 figuras elaboradas por artistas locales, en una noche marcada por la m\u00fasica, el fuego y el simbolismo.<\/p>\n\n\n\n<p>El evento, organizado por la Secretar\u00eda de Cultura del Gobierno del Estado, integr\u00f3 elementos tradicionales con un enfoque de espect\u00e1culo p\u00fablico. La pirotecnia y la iluminaci\u00f3n transformaron la plaza en un espacio esc\u00e9nico abierto, donde las explosiones de cada Judas fueron acompa\u00f1adas por m\u00fasica en vivo a cargo de la Banda de M\u00fasica del Gobierno del Estado y del ensamble 11 Vientos.<\/p>\n\n\n\n<p>M\u00e1s all\u00e1 del fuego y los aplausos, la jornada tambi\u00e9n incluy\u00f3 el XXIII Encuentro de Danzas Aztecas, que se desarroll\u00f3 en la explanada del Museo Nacional de la M\u00e1scara. Grupos de danza tradicional como \u201cHuitzilopochtli\u201d, \u201cXochiquetzal\u201d, \u201cMacuilx\u00f3chitl\u201d, \u201cAlmayab\u201d y \u201cXaman-Ek\u201d ofrecieron coreograf\u00edas que retomaron el legado ind\u00edgena y lo trasladaron al contexto urbano actual.<\/p>\n","protected":false},"excerpt":{"rendered":"<p>La Plaza del Carmen fue escenario de una de las expresiones culturales m\u00e1s representativas de la Semana Santa en San Luis Potos\u00ed: la Quema de Judas. En su edici\u00f3n 2025, la celebraci\u00f3n reuni\u00f3 a cientos de asistentes que presenciaron la incineraci\u00f3n de 37 figuras elaboradas por artistas locales, en una noche marcada por la m\u00fasica, [&hellip;]<\/p>\n","protected":false},"author":1,"featured_media":17848,"comment_status":"open","ping_status":"open","sticky":false,"template":"","format":"standard","meta":{"footnotes":""},"categories":[30,24,3163,3080],"tags":[4021,4020,294,3519,261,27],"class_list":{"0":"post-17847","1":"post","2":"type-post","3":"status-publish","4":"format-standard","5":"has-post-thumbnail","7":"category-de-la-region-centro","8":"category-informacion-general","9":"category-san-luis-potosi","10":"category-slp","11":"tag-plaza-del-carmen","12":"tag-quema-de-judas","13":"tag-san-luis","14":"tag-secult","15":"tag-slp","16":"tag-soledad"},"_links":{"self":[{"href":"https:\/\/cronicadesoledad.com\/index.php\/wp-json\/wp\/v2\/posts\/17847","targetHints":{"allow":["GET"]}}],"collection":[{"href":"https:\/\/cronicadesoledad.com\/index.php\/wp-json\/wp\/v2\/posts"}],"about":[{"href":"https:\/\/cronicadesoledad.com\/index.php\/wp-json\/wp\/v2\/types\/post"}],"author":[{"embeddable":true,"href":"https:\/\/cronicadesoledad.com\/index.php\/wp-json\/wp\/v2\/users\/1"}],"replies":[{"embeddable":true,"href":"https:\/\/cronicadesoledad.com\/index.php\/wp-json\/wp\/v2\/comments?post=17847"}],"version-history":[{"count":1,"href":"https:\/\/cronicadesoledad.com\/index.php\/wp-json\/wp\/v2\/posts\/17847\/revisions"}],"predecessor-version":[{"id":17849,"href":"https:\/\/cronicadesoledad.com\/index.php\/wp-json\/wp\/v2\/posts\/17847\/revisions\/17849"}],"wp:featuredmedia":[{"embeddable":true,"href":"https:\/\/cronicadesoledad.com\/index.php\/wp-json\/wp\/v2\/media\/17848"}],"wp:attachment":[{"href":"https:\/\/cronicadesoledad.com\/index.php\/wp-json\/wp\/v2\/media?parent=17847"}],"wp:term":[{"taxonomy":"category","embeddable":true,"href":"https:\/\/cronicadesoledad.com\/index.php\/wp-json\/wp\/v2\/categories?post=17847"},{"taxonomy":"post_tag","embeddable":true,"href":"https:\/\/cronicadesoledad.com\/index.php\/wp-json\/wp\/v2\/tags?post=17847"}],"curies":[{"name":"wp","href":"https:\/\/api.w.org\/{rel}","templated":true}]}}