{"id":17853,"date":"2025-04-21T03:09:00","date_gmt":"2025-04-21T09:09:00","guid":{"rendered":"https:\/\/cronicadesoledad.com\/?p=17853"},"modified":"2025-04-20T19:55:55","modified_gmt":"2025-04-21T01:55:55","slug":"arranca-la-feria-nacional-de-la-enchilada-2025-en-soledad","status":"publish","type":"post","link":"https:\/\/cronicadesoledad.com\/index.php\/2025\/04\/21\/arranca-la-feria-nacional-de-la-enchilada-2025-en-soledad\/","title":{"rendered":"Arranca la Feria Nacional de la Enchilada 2025 en Soledad"},"content":{"rendered":"\n<p>Este s\u00e1bado comenz\u00f3 la Feria Nacional de la Enchilada (FENAE) 2025 en Soledad de Graciano S\u00e1nchez, destacando las enchiladas potosinas como el platillo emblem\u00e1tico del municipio. El evento fue inaugurado por el Alcalde Juan Manuel Navarro Mu\u00f1iz, quien estuvo acompa\u00f1ado de autoridades estatales y municipales, as\u00ed como de las Embajadoras FENAE 2025.<\/p>\n\n\n\n<p>El corte de list\u00f3n se realiz\u00f3 frente al \u00e1rea de pabellones, dando inicio a las actividades de la feria, que incluyen una muestra gastron\u00f3mica, pabellones artesanales, juegos mec\u00e1nicos, circo y conciertos gratuitos. Estos atractivos han sido dise\u00f1ados para ofrecer entretenimiento a las familias locales y visitantes.<\/p>\n\n\n\n<p>En su discurso, el Alcalde Navarro Mu\u00f1iz destac\u00f3 la importancia de la feria para la econom\u00eda local y la preservaci\u00f3n de las tradiciones del municipio, mencionando que eventos como este contribuyen al desarrollo de Soledad y al fortalecimiento de la identidad cultural del lugar.<\/p>\n\n\n\n<p>Yolanda Josefina Cepeda Echavarr\u00eda, Secretaria de Turismo Estatal, ofreci\u00f3 un mensaje de bienvenida en representaci\u00f3n del Gobernador Ricardo Gallardo Cardona, invitando a la ciudadan\u00eda a disfrutar de los 10 d\u00edas de actividades de la feria y resaltando su impacto positivo en el desarrollo econ\u00f3mico y tur\u00edstico de Soledad.<\/p>\n\n\n\n<p>Por la noche, el Teatro del Pueblo fue escenario de un espect\u00e1culo de pirotecnia y m\u00fasica en vivo, marcando el inicio de las actividades nocturnas, que se suman a la programaci\u00f3n de la FENAE 2025, un evento que continuar\u00e1 ofreciendo diversas propuestas culturales y de entretenimiento.<\/p>\n","protected":false},"excerpt":{"rendered":"<p>Este s\u00e1bado comenz\u00f3 la Feria Nacional de la Enchilada (FENAE) 2025 en Soledad de Graciano S\u00e1nchez, destacando las enchiladas potosinas como el platillo emblem\u00e1tico del municipio. El evento fue inaugurado por el Alcalde Juan Manuel Navarro Mu\u00f1iz, quien estuvo acompa\u00f1ado de autoridades estatales y municipales, as\u00ed como de las Embajadoras FENAE 2025. El corte de [&hellip;]<\/p>\n","protected":false},"author":1,"featured_media":17892,"comment_status":"open","ping_status":"open","sticky":false,"template":"","format":"standard","meta":{"footnotes":""},"categories":[1,24,21],"tags":[334,1635,2214,294,261,27,370],"class_list":{"0":"post-17853","1":"post","2":"type-post","3":"status-publish","4":"format-standard","5":"has-post-thumbnail","7":"category-destacadas","8":"category-informacion-general","9":"category-tu-soledad","10":"tag-cultura","11":"tag-fenae","12":"tag-juan-manuel-navaroo-muniz","13":"tag-san-luis","14":"tag-slp","15":"tag-soledad","16":"tag-turismo"},"_links":{"self":[{"href":"https:\/\/cronicadesoledad.com\/index.php\/wp-json\/wp\/v2\/posts\/17853","targetHints":{"allow":["GET"]}}],"collection":[{"href":"https:\/\/cronicadesoledad.com\/index.php\/wp-json\/wp\/v2\/posts"}],"about":[{"href":"https:\/\/cronicadesoledad.com\/index.php\/wp-json\/wp\/v2\/types\/post"}],"author":[{"embeddable":true,"href":"https:\/\/cronicadesoledad.com\/index.php\/wp-json\/wp\/v2\/users\/1"}],"replies":[{"embeddable":true,"href":"https:\/\/cronicadesoledad.com\/index.php\/wp-json\/wp\/v2\/comments?post=17853"}],"version-history":[{"count":1,"href":"https:\/\/cronicadesoledad.com\/index.php\/wp-json\/wp\/v2\/posts\/17853\/revisions"}],"predecessor-version":[{"id":17855,"href":"https:\/\/cronicadesoledad.com\/index.php\/wp-json\/wp\/v2\/posts\/17853\/revisions\/17855"}],"wp:featuredmedia":[{"embeddable":true,"href":"https:\/\/cronicadesoledad.com\/index.php\/wp-json\/wp\/v2\/media\/17892"}],"wp:attachment":[{"href":"https:\/\/cronicadesoledad.com\/index.php\/wp-json\/wp\/v2\/media?parent=17853"}],"wp:term":[{"taxonomy":"category","embeddable":true,"href":"https:\/\/cronicadesoledad.com\/index.php\/wp-json\/wp\/v2\/categories?post=17853"},{"taxonomy":"post_tag","embeddable":true,"href":"https:\/\/cronicadesoledad.com\/index.php\/wp-json\/wp\/v2\/tags?post=17853"}],"curies":[{"name":"wp","href":"https:\/\/api.w.org\/{rel}","templated":true}]}}