{"id":17873,"date":"2025-04-21T03:04:00","date_gmt":"2025-04-21T09:04:00","guid":{"rendered":"https:\/\/cronicadesoledad.com\/?p=17873"},"modified":"2025-04-20T19:41:12","modified_gmt":"2025-04-21T01:41:12","slug":"francois-martinez-canta-por-primera-vez-en-mexquitic","status":"publish","type":"post","link":"https:\/\/cronicadesoledad.com\/index.php\/2025\/04\/21\/francois-martinez-canta-por-primera-vez-en-mexquitic\/","title":{"rendered":"Fran\u00e7ois Mart\u00ednez canta por primera vez en Mexquitic"},"content":{"rendered":"\n<p>Tras su exitosa gira por Italia y luego de una memorable presentaci\u00f3n en el IV Festival Internacional San Luis en Primavera, el contratenor Fran\u00e7ois I. Mart\u00ednez se gan\u00f3 la ovaci\u00f3n, el reconocimiento y el cari\u00f1o de su tierra, Mexquitic de Carmona, donde ofreci\u00f3 un espectacular concierto en donde demostr\u00f3 por qu\u00e9 es considerado como una de las voces m\u00e1s destacadas de los \u00faltimos a\u00f1os.<\/p>\n\n\n\n<p>Acompa\u00f1ado por la Orquesta Filarm\u00f3nica Ernesto B\u00e1ez y la direcci\u00f3n del Maestro Juan Carlos Hern\u00e1ndez Contreras, el pasado mi\u00e9rcoles 16 de abril, el cantante se present\u00f3 el Templo de San Miguel Arc\u00e1ngel. Ah\u00ed, ante un recinto abarrotado, ofreci\u00f3 un programa en el que incluy\u00f3 algunas arias de \u00f3pera barroca compuestas para los famosos castrati, as\u00ed, en una segunda parte, interpret\u00f3 piezas de m\u00fasica mexicana provocando una prolongada serie de aplausos y ovaciones.<\/p>\n\n\n\n<p>Durante la presentaci\u00f3n y visiblemente emocionado, I. Mart\u00ednez agradeci\u00f3 el respaldo de su gente por ser parte de lo que calific\u00f3 como \u201cun sue\u00f1o hecho realidad\u201d luego de haber tenido la oportunidad de cantar en escenarios internacionales, tras m\u00e1s de 11 a\u00f1os de carrera, cantar por primera vez en su tierra natal. \u201cDicen que nadie es profeta en su tierra, pero yo he tenido la suerte de contar con el cari\u00f1o, el apoyo y el \u00e1nimo constante de mucha gente que me ha impulsado a seguir adelante\u201d coment\u00f3.<\/p>\n\n\n\n<p>Cabe recordar que, desde hace m\u00e1s de una d\u00e9cada, el cantante se ha dedicado a la promoci\u00f3n y rescate de importantes obras musicales, labor que lo ha llevado a presentarse en distintos escenarios mexicanos y extranjeros, sin embargo, hasta este a\u00f1o, no hab\u00eda podido cantar para la gente de su natal Mexquitic de Carmona.<\/p>\n","protected":false},"excerpt":{"rendered":"<p>Tras su exitosa gira por Italia y luego de una memorable presentaci\u00f3n en el IV Festival Internacional San Luis en Primavera, el contratenor Fran\u00e7ois I. Mart\u00ednez se gan\u00f3 la ovaci\u00f3n, el reconocimiento y el cari\u00f1o de su tierra, Mexquitic de Carmona, donde ofreci\u00f3 un espectacular concierto en donde demostr\u00f3 por qu\u00e9 es considerado como una [&hellip;]<\/p>\n","protected":false},"author":2,"featured_media":17874,"comment_status":"open","ping_status":"open","sticky":false,"template":"","format":"standard","meta":{"footnotes":""},"categories":[1,24],"tags":[3022,1084,3039,294,261,27],"class_list":{"0":"post-17873","1":"post","2":"type-post","3":"status-publish","4":"format-standard","5":"has-post-thumbnail","7":"category-destacadas","8":"category-informacion-general","9":"tag-francois-martinez","10":"tag-mexquitic-de-carmona","11":"tag-musica-3","12":"tag-san-luis","13":"tag-slp","14":"tag-soledad"},"_links":{"self":[{"href":"https:\/\/cronicadesoledad.com\/index.php\/wp-json\/wp\/v2\/posts\/17873","targetHints":{"allow":["GET"]}}],"collection":[{"href":"https:\/\/cronicadesoledad.com\/index.php\/wp-json\/wp\/v2\/posts"}],"about":[{"href":"https:\/\/cronicadesoledad.com\/index.php\/wp-json\/wp\/v2\/types\/post"}],"author":[{"embeddable":true,"href":"https:\/\/cronicadesoledad.com\/index.php\/wp-json\/wp\/v2\/users\/2"}],"replies":[{"embeddable":true,"href":"https:\/\/cronicadesoledad.com\/index.php\/wp-json\/wp\/v2\/comments?post=17873"}],"version-history":[{"count":1,"href":"https:\/\/cronicadesoledad.com\/index.php\/wp-json\/wp\/v2\/posts\/17873\/revisions"}],"predecessor-version":[{"id":17875,"href":"https:\/\/cronicadesoledad.com\/index.php\/wp-json\/wp\/v2\/posts\/17873\/revisions\/17875"}],"wp:featuredmedia":[{"embeddable":true,"href":"https:\/\/cronicadesoledad.com\/index.php\/wp-json\/wp\/v2\/media\/17874"}],"wp:attachment":[{"href":"https:\/\/cronicadesoledad.com\/index.php\/wp-json\/wp\/v2\/media?parent=17873"}],"wp:term":[{"taxonomy":"category","embeddable":true,"href":"https:\/\/cronicadesoledad.com\/index.php\/wp-json\/wp\/v2\/categories?post=17873"},{"taxonomy":"post_tag","embeddable":true,"href":"https:\/\/cronicadesoledad.com\/index.php\/wp-json\/wp\/v2\/tags?post=17873"}],"curies":[{"name":"wp","href":"https:\/\/api.w.org\/{rel}","templated":true}]}}