{"id":17880,"date":"2025-04-21T03:06:00","date_gmt":"2025-04-21T09:06:00","guid":{"rendered":"https:\/\/cronicadesoledad.com\/?p=17880"},"modified":"2025-04-20T19:46:16","modified_gmt":"2025-04-21T01:46:16","slug":"club-forma-albergo-intensa-final-de-tenis","status":"publish","type":"post","link":"https:\/\/cronicadesoledad.com\/index.php\/2025\/04\/21\/club-forma-albergo-intensa-final-de-tenis\/","title":{"rendered":"Club Forma alberg\u00f3 intensa final de tenis"},"content":{"rendered":"\n<p>En el marco de la 30\u00b0 edici\u00f3n del Torneo Nacional Infantil y Juvenil de Tenis, el Club Forma fue sede de la categor\u00eda varonil de 18 a\u00f1os, una de las m\u00e1s esperadas por su alto nivel competitivo. Durante toda la semana se vivieron duelos de gran intensidad y t\u00e9cnica sobre las canchas potosinas.<\/p>\n\n\n\n<p>La gran final se disput\u00f3 entre Iv\u00e1n Mart\u00ednez y Hugo Correa de Jalisco, quienes ofrecieron un partido vibrante y muy parejo. El jalisciense se impuso con parciales de 6\/2, 4\/6 y 6\/2, logrando as\u00ed el campeonato en esta categor\u00eda \u00e9lite del torneo.<\/p>\n\n\n\n<p>El p\u00fablico que asisti\u00f3 al Club Forma reconoci\u00f3 con aplausos el desempe\u00f1o de ambos finalistas, quienes mostraron gran resistencia f\u00edsica, fuerza mental y calidad t\u00e9cnica a lo largo del enfrentamiento. Fue una final digna de cerrar una semana de alto nivel juvenil.<\/p>\n\n\n\n<p>Con estos resultados, el Club Forma reafirma su posici\u00f3n como una de las sedes clave en el desarrollo del tenis juvenil en San Luis Potos\u00ed. La competencia dej\u00f3 claro que el talento joven mexicano sigue creciendo con fuerza.<\/p>\n","protected":false},"excerpt":{"rendered":"<p>En el marco de la 30\u00b0 edici\u00f3n del Torneo Nacional Infantil y Juvenil de Tenis, el Club Forma fue sede de la categor\u00eda varonil de 18 a\u00f1os, una de las m\u00e1s esperadas por su alto nivel competitivo. Durante toda la semana se vivieron duelos de gran intensidad y t\u00e9cnica sobre las canchas potosinas. La gran [&hellip;]<\/p>\n","protected":false},"author":2,"featured_media":17881,"comment_status":"open","ping_status":"open","sticky":false,"template":"","format":"standard","meta":{"footnotes":""},"categories":[20,1,24],"tags":[4030,1981,294,261,27,1120,3943],"class_list":{"0":"post-17880","1":"post","2":"type-post","3":"status-publish","4":"format-standard","5":"has-post-thumbnail","7":"category-cronica-deportiva","8":"category-destacadas","9":"category-informacion-general","10":"tag-club-forma","11":"tag-cronica-deportiva-2","12":"tag-san-luis","13":"tag-slp","14":"tag-soledad","15":"tag-tenis","16":"tag-torneo-nacional-infantil-y-juvenil-de-tenis"},"_links":{"self":[{"href":"https:\/\/cronicadesoledad.com\/index.php\/wp-json\/wp\/v2\/posts\/17880","targetHints":{"allow":["GET"]}}],"collection":[{"href":"https:\/\/cronicadesoledad.com\/index.php\/wp-json\/wp\/v2\/posts"}],"about":[{"href":"https:\/\/cronicadesoledad.com\/index.php\/wp-json\/wp\/v2\/types\/post"}],"author":[{"embeddable":true,"href":"https:\/\/cronicadesoledad.com\/index.php\/wp-json\/wp\/v2\/users\/2"}],"replies":[{"embeddable":true,"href":"https:\/\/cronicadesoledad.com\/index.php\/wp-json\/wp\/v2\/comments?post=17880"}],"version-history":[{"count":1,"href":"https:\/\/cronicadesoledad.com\/index.php\/wp-json\/wp\/v2\/posts\/17880\/revisions"}],"predecessor-version":[{"id":17882,"href":"https:\/\/cronicadesoledad.com\/index.php\/wp-json\/wp\/v2\/posts\/17880\/revisions\/17882"}],"wp:featuredmedia":[{"embeddable":true,"href":"https:\/\/cronicadesoledad.com\/index.php\/wp-json\/wp\/v2\/media\/17881"}],"wp:attachment":[{"href":"https:\/\/cronicadesoledad.com\/index.php\/wp-json\/wp\/v2\/media?parent=17880"}],"wp:term":[{"taxonomy":"category","embeddable":true,"href":"https:\/\/cronicadesoledad.com\/index.php\/wp-json\/wp\/v2\/categories?post=17880"},{"taxonomy":"post_tag","embeddable":true,"href":"https:\/\/cronicadesoledad.com\/index.php\/wp-json\/wp\/v2\/tags?post=17880"}],"curies":[{"name":"wp","href":"https:\/\/api.w.org\/{rel}","templated":true}]}}