{"id":17903,"date":"2025-04-21T14:00:00","date_gmt":"2025-04-21T20:00:00","guid":{"rendered":"https:\/\/cronicadesoledad.com\/?p=17903"},"modified":"2025-04-21T12:41:06","modified_gmt":"2025-04-21T18:41:06","slug":"comunidad-catolica-en-slp-inicia-actos-liturgicos-tras-la-muerte-del-papa-francisco","status":"publish","type":"post","link":"https:\/\/cronicadesoledad.com\/index.php\/2025\/04\/21\/comunidad-catolica-en-slp-inicia-actos-liturgicos-tras-la-muerte-del-papa-francisco\/","title":{"rendered":"Comunidad cat\u00f3lica en SLP inicia actos lit\u00fargicos tras la muerte del Papa Francisco"},"content":{"rendered":"\n<p>La di\u00f3cesis de San Luis Potos\u00ed comenz\u00f3 este lunes una serie de actividades lit\u00fargicas en respuesta al fallecimiento del Papa Francisco, conforme al protocolo establecido por la Santa Sede. El padre Francisco Javier Espinosa Ayala, responsable de la Catedral Metropolitana, inform\u00f3 que los actos locales se integran a los ritos de la Iglesia universal durante este periodo de sede vacante.<\/p>\n\n\n\n<p>A las 2 de la ma\u00f1ana del lunes se realiz\u00f3 un primer repique de campanas en la Catedral Metropolitana como se\u00f1al de luto, el cual se repiti\u00f3 al mediod\u00eda y continuar\u00e1 durante tres d\u00edas, seg\u00fan lo dispuesto por el arzobispo Jorge Alberto Cavazos Arizpe. En Roma, el protocolo funerario ser\u00e1 encabezado por el Camarlengo e incluir\u00e1 los ritos tradicionales, entre ellos el reconocimiento oficial del fallecimiento del Pont\u00edfice y las ceremonias funerarias en el Vaticano.<\/p>\n\n\n\n<p>En San Luis Potos\u00ed no se llevar\u00e1n a cabo exequias \u2014por no contar con la presencia del cuerpo\u2014, pero se celebrar\u00e1n misas en memoria del Papa Francisco. Una misa especial ser\u00e1 oficiada este mi\u00e9rcoles al mediod\u00eda en la Catedral Metropolitana, presidida por el arzobispo Cavazos Arizpe, con la participaci\u00f3n de sacerdotes y fieles de toda la di\u00f3cesis.<\/p>\n\n\n\n<p>Asimismo, se ha indicado que en todas las parroquias se celebren misas con la misma intenci\u00f3n. Durante este periodo, como marca la tradici\u00f3n, no se mencionar\u00e1 al Papa en la plegaria eucar\u00edstica hasta que el C\u00f3nclave designe a su sucesor. Tras ese anuncio, se celebrar\u00e1 una misa de acci\u00f3n de gracias por el nuevo pont\u00edfice.<\/p>\n","protected":false},"excerpt":{"rendered":"<p>La di\u00f3cesis de San Luis Potos\u00ed comenz\u00f3 este lunes una serie de actividades lit\u00fargicas en respuesta al fallecimiento del Papa Francisco, conforme al protocolo establecido por la Santa Sede. El padre Francisco Javier Espinosa Ayala, responsable de la Catedral Metropolitana, inform\u00f3 que los actos locales se integran a los ritos de la Iglesia universal durante [&hellip;]<\/p>\n","protected":false},"author":1,"featured_media":17904,"comment_status":"open","ping_status":"open","sticky":false,"template":"","format":"standard","meta":{"footnotes":""},"categories":[30,24,3163,3080],"tags":[4038,2038,1155,294,261,27],"class_list":{"0":"post-17903","1":"post","2":"type-post","3":"status-publish","4":"format-standard","5":"has-post-thumbnail","7":"category-de-la-region-centro","8":"category-informacion-general","9":"category-san-luis-potosi","10":"category-slp","11":"tag-actos-liturgicos","12":"tag-muerte","13":"tag-papa-francisco","14":"tag-san-luis","15":"tag-slp","16":"tag-soledad"},"_links":{"self":[{"href":"https:\/\/cronicadesoledad.com\/index.php\/wp-json\/wp\/v2\/posts\/17903","targetHints":{"allow":["GET"]}}],"collection":[{"href":"https:\/\/cronicadesoledad.com\/index.php\/wp-json\/wp\/v2\/posts"}],"about":[{"href":"https:\/\/cronicadesoledad.com\/index.php\/wp-json\/wp\/v2\/types\/post"}],"author":[{"embeddable":true,"href":"https:\/\/cronicadesoledad.com\/index.php\/wp-json\/wp\/v2\/users\/1"}],"replies":[{"embeddable":true,"href":"https:\/\/cronicadesoledad.com\/index.php\/wp-json\/wp\/v2\/comments?post=17903"}],"version-history":[{"count":1,"href":"https:\/\/cronicadesoledad.com\/index.php\/wp-json\/wp\/v2\/posts\/17903\/revisions"}],"predecessor-version":[{"id":17905,"href":"https:\/\/cronicadesoledad.com\/index.php\/wp-json\/wp\/v2\/posts\/17903\/revisions\/17905"}],"wp:featuredmedia":[{"embeddable":true,"href":"https:\/\/cronicadesoledad.com\/index.php\/wp-json\/wp\/v2\/media\/17904"}],"wp:attachment":[{"href":"https:\/\/cronicadesoledad.com\/index.php\/wp-json\/wp\/v2\/media?parent=17903"}],"wp:term":[{"taxonomy":"category","embeddable":true,"href":"https:\/\/cronicadesoledad.com\/index.php\/wp-json\/wp\/v2\/categories?post=17903"},{"taxonomy":"post_tag","embeddable":true,"href":"https:\/\/cronicadesoledad.com\/index.php\/wp-json\/wp\/v2\/tags?post=17903"}],"curies":[{"name":"wp","href":"https:\/\/api.w.org\/{rel}","templated":true}]}}