{"id":17922,"date":"2025-04-21T18:00:00","date_gmt":"2025-04-22T00:00:00","guid":{"rendered":"https:\/\/cronicadesoledad.com\/?p=17922"},"modified":"2025-04-21T16:50:23","modified_gmt":"2025-04-21T22:50:23","slug":"dif-municipal-organiza-segunda-edicion-de-festejo-colectivo-de-xv-anos","status":"publish","type":"post","link":"https:\/\/cronicadesoledad.com\/index.php\/2025\/04\/21\/dif-municipal-organiza-segunda-edicion-de-festejo-colectivo-de-xv-anos\/","title":{"rendered":"DIF Municipal organiza segunda edici\u00f3n de festejo colectivo de XV a\u00f1os"},"content":{"rendered":"\n<p>El DIF Municipal de San Luis Potos\u00ed llevar\u00e1 a cabo la segunda edici\u00f3n del evento \u201cMis XV\u201d, una celebraci\u00f3n dirigida a adolescentes que hayan cumplido o est\u00e9n por cumplir 15 a\u00f1os entre febrero y mayo de este a\u00f1o. El festejo est\u00e1 programado para el pr\u00f3ximo 24 de mayo.<\/p>\n\n\n\n<p>El programa busca ofrecer una alternativa para familias que no cuentan con los recursos suficientes para organizar este tipo de celebraciones, con el objetivo de brindar a las j\u00f3venes participantes una experiencia significativa. Como parte de la iniciativa, las adolescentes podr\u00e1n elegir un vestido donado previamente, sujeto a disponibilidad de tallas.<\/p>\n\n\n\n<p>Para inscribirse, las interesadas deben acudir a las oficinas del DIF Municipal en Xicot\u00e9ncatl 1650, colonia Himno Nacional, de lunes a viernes entre las 10:00 y las 14:00 horas. Se solicita la presencia de madre, padre o tutor, as\u00ed como la presentaci\u00f3n del acta de nacimiento de la menor, una identificaci\u00f3n oficial del adulto responsable y comprobante de domicilio.<\/p>\n\n\n\n<p>El evento es parte de las actividades promovidas por el Gobierno Municipal de San Luis Potos\u00ed y el DIF Capitalino, como parte de una estrategia para fortalecer v\u00ednculos comunitarios y promover la inclusi\u00f3n social. Informaci\u00f3n adicional se puede solicitar a los tel\u00e9fonos 4448151307 y 4448155118, o v\u00eda WhatsApp al 4444471164.<\/p>\n","protected":false},"excerpt":{"rendered":"<p>El DIF Municipal de San Luis Potos\u00ed llevar\u00e1 a cabo la segunda edici\u00f3n del evento \u201cMis XV\u201d, una celebraci\u00f3n dirigida a adolescentes que hayan cumplido o est\u00e9n por cumplir 15 a\u00f1os entre febrero y mayo de este a\u00f1o. El festejo est\u00e1 programado para el pr\u00f3ximo 24 de mayo. El programa busca ofrecer una alternativa para [&hellip;]<\/p>\n","protected":false},"author":1,"featured_media":17923,"comment_status":"open","ping_status":"open","sticky":false,"template":"","format":"standard","meta":{"footnotes":""},"categories":[30,24,3163,3080],"tags":[387,2376,294,261,27,4050],"class_list":{"0":"post-17922","1":"post","2":"type-post","3":"status-publish","4":"format-standard","5":"has-post-thumbnail","7":"category-de-la-region-centro","8":"category-informacion-general","9":"category-san-luis-potosi","10":"category-slp","11":"tag-dif","12":"tag-gobierno-municipal","13":"tag-san-luis","14":"tag-slp","15":"tag-soledad","16":"tag-xv-anos"},"_links":{"self":[{"href":"https:\/\/cronicadesoledad.com\/index.php\/wp-json\/wp\/v2\/posts\/17922","targetHints":{"allow":["GET"]}}],"collection":[{"href":"https:\/\/cronicadesoledad.com\/index.php\/wp-json\/wp\/v2\/posts"}],"about":[{"href":"https:\/\/cronicadesoledad.com\/index.php\/wp-json\/wp\/v2\/types\/post"}],"author":[{"embeddable":true,"href":"https:\/\/cronicadesoledad.com\/index.php\/wp-json\/wp\/v2\/users\/1"}],"replies":[{"embeddable":true,"href":"https:\/\/cronicadesoledad.com\/index.php\/wp-json\/wp\/v2\/comments?post=17922"}],"version-history":[{"count":1,"href":"https:\/\/cronicadesoledad.com\/index.php\/wp-json\/wp\/v2\/posts\/17922\/revisions"}],"predecessor-version":[{"id":17924,"href":"https:\/\/cronicadesoledad.com\/index.php\/wp-json\/wp\/v2\/posts\/17922\/revisions\/17924"}],"wp:featuredmedia":[{"embeddable":true,"href":"https:\/\/cronicadesoledad.com\/index.php\/wp-json\/wp\/v2\/media\/17923"}],"wp:attachment":[{"href":"https:\/\/cronicadesoledad.com\/index.php\/wp-json\/wp\/v2\/media?parent=17922"}],"wp:term":[{"taxonomy":"category","embeddable":true,"href":"https:\/\/cronicadesoledad.com\/index.php\/wp-json\/wp\/v2\/categories?post=17922"},{"taxonomy":"post_tag","embeddable":true,"href":"https:\/\/cronicadesoledad.com\/index.php\/wp-json\/wp\/v2\/tags?post=17922"}],"curies":[{"name":"wp","href":"https:\/\/api.w.org\/{rel}","templated":true}]}}