{"id":17954,"date":"2025-04-21T23:20:55","date_gmt":"2025-04-22T05:20:55","guid":{"rendered":"https:\/\/cronicadesoledad.com\/?p=17954"},"modified":"2025-04-21T23:20:55","modified_gmt":"2025-04-22T05:20:55","slug":"saldo-blanco-en-planteles-de-soledad-tras-operativo-escuela-segura","status":"publish","type":"post","link":"https:\/\/cronicadesoledad.com\/index.php\/2025\/04\/21\/saldo-blanco-en-planteles-de-soledad-tras-operativo-escuela-segura\/","title":{"rendered":"Saldo blanco en planteles de Soledad tras operativo \u201cEscuela Segura\u201d"},"content":{"rendered":"\n<p>La Guardia Civil Municipal y la Direcci\u00f3n de Educaci\u00f3n, el Ayuntamiento de Soledad de Graciano S\u00e1nchez report\u00f3 saldo blanco en escuelas del municipio durante el periodo vacacional, como parte del operativo \u201cEscuela Segura\u201d impulsado por el alcalde Juan Manuel Navarro Mu\u00f1iz.<\/p>\n\n\n\n<p>Durante las semanas de receso escolar, la Guardia Civil Municipal realiz\u00f3 recorridos preventivos en m\u00e1s de 85 instituciones educativas con el objetivo de proteger las instalaciones y garantizar la seguridad del patrimonio escolar. Como resultado de esta vigilancia constante, no se registraron incidentes relevantes ni da\u00f1os materiales.<\/p>\n\n\n\n<p>El comisario V\u00edctor Aristarco Serna Pi\u00f1a se\u00f1al\u00f3 que esta estrategia forma parte del compromiso permanente del Gobierno Municipal de responder con prontitud ante cualquier eventualidad y mantenerse cercano a la comunidad educativa. Adem\u00e1s, destac\u00f3 que el operativo es una muestra del trabajo preventivo y no reactivo que se busca consolidar en el municipio.<\/p>\n\n\n\n<p>Por su parte, la directora de Educaci\u00f3n y Acci\u00f3n C\u00edvica Municipal, Velia Guadalupe Castro Granja, indic\u00f3 que previo al inicio del periodo vacacional se sostuvo di\u00e1logo con los directivos escolares para coordinar acciones y establecer mecanismos de resguardo, lo cual ha permitido mantener vigilancia efectiva en los planteles.<\/p>\n\n\n\n<p>A\u00f1adi\u00f3 que si bien no se ha tenido contacto directo con padres de familia durante el operativo, en algunos casos se cont\u00f3 con su colaboraci\u00f3n para proteger bienes de valor dentro de las escuelas, lo cual refuerza la corresponsabilidad en la seguridad educativa.<\/p>\n\n\n\n<p>El operativo \u201cEscuela Segura\u201d forma parte de una estrategia integral que prioriza el bienestar de ni\u00f1as, ni\u00f1os y j\u00f3venes del municipio. Con estas acciones, el Gobierno de Soledad de Graciano S\u00e1nchez refrenda su compromiso de velar por la seguridad y tranquilidad de su comunidad, manteni\u00e9ndose cercano a las familias y atentos a sus necesidades.<\/p>\n","protected":false},"excerpt":{"rendered":"<p>La Guardia Civil Municipal y la Direcci\u00f3n de Educaci\u00f3n, el Ayuntamiento de Soledad de Graciano S\u00e1nchez report\u00f3 saldo blanco en escuelas del municipio durante el periodo vacacional, como parte del operativo \u201cEscuela Segura\u201d impulsado por el alcalde Juan Manuel Navarro Mu\u00f1iz. Durante las semanas de receso escolar, la Guardia Civil Municipal realiz\u00f3 recorridos preventivos en [&hellip;]<\/p>\n","protected":false},"author":1,"featured_media":17955,"comment_status":"open","ping_status":"open","sticky":false,"template":"","format":"standard","meta":{"footnotes":""},"categories":[24,21],"tags":[253,276,261,27],"class_list":{"0":"post-17954","1":"post","2":"type-post","3":"status-publish","4":"format-standard","5":"has-post-thumbnail","7":"category-informacion-general","8":"category-tu-soledad","9":"tag-escuela-segura","10":"tag-seguridad","11":"tag-slp","12":"tag-soledad"},"_links":{"self":[{"href":"https:\/\/cronicadesoledad.com\/index.php\/wp-json\/wp\/v2\/posts\/17954","targetHints":{"allow":["GET"]}}],"collection":[{"href":"https:\/\/cronicadesoledad.com\/index.php\/wp-json\/wp\/v2\/posts"}],"about":[{"href":"https:\/\/cronicadesoledad.com\/index.php\/wp-json\/wp\/v2\/types\/post"}],"author":[{"embeddable":true,"href":"https:\/\/cronicadesoledad.com\/index.php\/wp-json\/wp\/v2\/users\/1"}],"replies":[{"embeddable":true,"href":"https:\/\/cronicadesoledad.com\/index.php\/wp-json\/wp\/v2\/comments?post=17954"}],"version-history":[{"count":1,"href":"https:\/\/cronicadesoledad.com\/index.php\/wp-json\/wp\/v2\/posts\/17954\/revisions"}],"predecessor-version":[{"id":17956,"href":"https:\/\/cronicadesoledad.com\/index.php\/wp-json\/wp\/v2\/posts\/17954\/revisions\/17956"}],"wp:featuredmedia":[{"embeddable":true,"href":"https:\/\/cronicadesoledad.com\/index.php\/wp-json\/wp\/v2\/media\/17955"}],"wp:attachment":[{"href":"https:\/\/cronicadesoledad.com\/index.php\/wp-json\/wp\/v2\/media?parent=17954"}],"wp:term":[{"taxonomy":"category","embeddable":true,"href":"https:\/\/cronicadesoledad.com\/index.php\/wp-json\/wp\/v2\/categories?post=17954"},{"taxonomy":"post_tag","embeddable":true,"href":"https:\/\/cronicadesoledad.com\/index.php\/wp-json\/wp\/v2\/tags?post=17954"}],"curies":[{"name":"wp","href":"https:\/\/api.w.org\/{rel}","templated":true}]}}