{"id":17961,"date":"2025-04-21T23:55:59","date_gmt":"2025-04-22T05:55:59","guid":{"rendered":"https:\/\/cronicadesoledad.com\/?p=17961"},"modified":"2025-04-21T23:55:59","modified_gmt":"2025-04-22T05:55:59","slug":"villa-de-pozos-tendra-mas-presencia-en-la-fenapo-2025","status":"publish","type":"post","link":"https:\/\/cronicadesoledad.com\/index.php\/2025\/04\/21\/villa-de-pozos-tendra-mas-presencia-en-la-fenapo-2025\/","title":{"rendered":"Villa de Pozos tendr\u00e1 m\u00e1s presencia en la Fenapo 2025"},"content":{"rendered":"\n<p>El Patronato de la Feria Nacional Potosina (Fenapo), sostuvo una reuni\u00f3n con funcionarios del municipio de Villa de Pozos, para coordinar acciones que permitan una mayor presencia de este nuevo municipio en la edici\u00f3n 2025 de la mejor feria de M\u00e9xico.<\/p>\n\n\n\n<p>El presidente del Patronato, Fernando Rojo Ocejo, dijo que en apoyo al desarrollo econ\u00f3mico local, se acord\u00f3 impulsar la participaci\u00f3n de Villa de Pozos en \u00e1reas clave como la muestra gastron\u00f3mica, el pabell\u00f3n comercial e industrial, as\u00ed como en el Bodeg\u00f3n, donde se promover\u00e1n productos elaborados en el municipio, incluyendo cervezas artesanales, destilados y otros bienes de producci\u00f3n.<\/p>\n\n\n\n<p>Estas acciones forman parte del compromiso del Gobernador Ricardo Gallardo Cardona de brindar m\u00e1s apoyo a todos los municipios potosinos, reconociendo su valor y contribuci\u00f3n al desarrollo de San Luis Potos\u00ed.<\/p>\n","protected":false},"excerpt":{"rendered":"<p>El Patronato de la Feria Nacional Potosina (Fenapo), sostuvo una reuni\u00f3n con funcionarios del municipio de Villa de Pozos, para coordinar acciones que permitan una mayor presencia de este nuevo municipio en la edici\u00f3n 2025 de la mejor feria de M\u00e9xico. El presidente del Patronato, Fernando Rojo Ocejo, dijo que en apoyo al desarrollo econ\u00f3mico [&hellip;]<\/p>\n","protected":false},"author":1,"featured_media":17962,"comment_status":"open","ping_status":"open","sticky":false,"template":"","format":"standard","meta":{"footnotes":""},"categories":[30,24,3175],"tags":[90,177,294,261,27,1068],"class_list":{"0":"post-17961","1":"post","2":"type-post","3":"status-publish","4":"format-standard","5":"has-post-thumbnail","7":"category-de-la-region-centro","8":"category-informacion-general","9":"category-pozos","10":"tag-fenapo","11":"tag-ricardo-gallardo","12":"tag-san-luis","13":"tag-slp","14":"tag-soledad","15":"tag-villa-de-pozos"},"_links":{"self":[{"href":"https:\/\/cronicadesoledad.com\/index.php\/wp-json\/wp\/v2\/posts\/17961","targetHints":{"allow":["GET"]}}],"collection":[{"href":"https:\/\/cronicadesoledad.com\/index.php\/wp-json\/wp\/v2\/posts"}],"about":[{"href":"https:\/\/cronicadesoledad.com\/index.php\/wp-json\/wp\/v2\/types\/post"}],"author":[{"embeddable":true,"href":"https:\/\/cronicadesoledad.com\/index.php\/wp-json\/wp\/v2\/users\/1"}],"replies":[{"embeddable":true,"href":"https:\/\/cronicadesoledad.com\/index.php\/wp-json\/wp\/v2\/comments?post=17961"}],"version-history":[{"count":1,"href":"https:\/\/cronicadesoledad.com\/index.php\/wp-json\/wp\/v2\/posts\/17961\/revisions"}],"predecessor-version":[{"id":17963,"href":"https:\/\/cronicadesoledad.com\/index.php\/wp-json\/wp\/v2\/posts\/17961\/revisions\/17963"}],"wp:featuredmedia":[{"embeddable":true,"href":"https:\/\/cronicadesoledad.com\/index.php\/wp-json\/wp\/v2\/media\/17962"}],"wp:attachment":[{"href":"https:\/\/cronicadesoledad.com\/index.php\/wp-json\/wp\/v2\/media?parent=17961"}],"wp:term":[{"taxonomy":"category","embeddable":true,"href":"https:\/\/cronicadesoledad.com\/index.php\/wp-json\/wp\/v2\/categories?post=17961"},{"taxonomy":"post_tag","embeddable":true,"href":"https:\/\/cronicadesoledad.com\/index.php\/wp-json\/wp\/v2\/tags?post=17961"}],"curies":[{"name":"wp","href":"https:\/\/api.w.org\/{rel}","templated":true}]}}