{"id":17979,"date":"2025-04-22T19:34:40","date_gmt":"2025-04-23T01:34:40","guid":{"rendered":"https:\/\/cronicadesoledad.com\/?p=17979"},"modified":"2025-04-22T19:34:40","modified_gmt":"2025-04-23T01:34:40","slug":"enchiladas-el-orgullo-culinario-soledense","status":"publish","type":"post","link":"https:\/\/cronicadesoledad.com\/index.php\/2025\/04\/22\/enchiladas-el-orgullo-culinario-soledense\/","title":{"rendered":"Enchiladas, el orgullo culinario soledense"},"content":{"rendered":"\n<p>La Feria Nacional de la Enchilada (FENAE) 2025 en Soledad de Graciano S\u00e1nchez, vivi\u00f3 una gran fiesta de sabor y tradici\u00f3n local, al convocar a miles de personas al &#8220;D\u00eda FENAE con tu Familia&#8221; en la Muestra Gastron\u00f3mica, actividad que impuls\u00f3 el Alcalde, Juan Manuel Navarro Mu\u00f1iz, para acercar a las familias locales y visitantes y ofrecer el orgullo gastron\u00f3mico del municipio: las enchiladas potosinas.<\/p>\n\n\n\n<p>Desde temprana hora, miles de familias de Soledad, municipios y estados aleda\u00f1os, entre ni\u00f1os, j\u00f3venes, adultos y adultos mayores, arribaron a la Plaza principal para ser parte de este evento de sano esparcimiento que enaltece el tesoro gastron\u00f3mico soledense, y que hoy es reconocido a nivel mundial, en sus m\u00faltiples preparaciones que son un deleite en muchas regiones de San Luis Potos\u00ed, M\u00e9xico y otros pa\u00edses.<\/p>\n\n\n\n<p>Fueron alrededor de 6 mil platillos de enchiladas las que fueron entregadas a todas las y los presentes, quienes recibieron un mensaje del edil, Navarro Mu\u00f1iz, de agradecimiento por hacer de la FENAE un espacio id\u00f3neo para la convivencia familiar y volver un \u00e9xito la edici\u00f3n 2025, dando muestra de la enorme aceptaci\u00f3n que esta festividad tiene en la zona metropolitana del Estado.<\/p>\n\n\n\n<p>Las y los asistentes, provenientes de Ciudad Valles, Ciudad del Ma\u00edz, Charcas, Matehuala y estados como Nuevo Le\u00f3n, Ciudad de M\u00e9xico y Puebla, entre otros, degustaron de bebidas y enchiladas, desde las tradicionales: rojas con cebolla, cueritos, frijoles y crema, hasta con mole, con cecina, carne asada y otros preparados atractivos que disfrutaron de principio a fin, acompa\u00f1adas de aguas frescas de diversos sabores.<\/p>\n\n\n\n<p>A la par de este D\u00eda de Enchiladas Gratis, la variedad musical en la Muestra Gastron\u00f3mica encant\u00f3 a las y los comensales, con m\u00fasica en vivo a cargo de artistas locales infantiles y show c\u00f3mico, que hicieron de este d\u00eda una jornada inolvidable y llena de tradici\u00f3n para el municipio soledense.<\/p>\n","protected":false},"excerpt":{"rendered":"<p>La Feria Nacional de la Enchilada (FENAE) 2025 en Soledad de Graciano S\u00e1nchez, vivi\u00f3 una gran fiesta de sabor y tradici\u00f3n local, al convocar a miles de personas al &#8220;D\u00eda FENAE con tu Familia&#8221; en la Muestra Gastron\u00f3mica, actividad que impuls\u00f3 el Alcalde, Juan Manuel Navarro Mu\u00f1iz, para acercar a las familias locales y visitantes [&hellip;]<\/p>\n","protected":false},"author":2,"featured_media":17980,"comment_status":"open","ping_status":"open","sticky":false,"template":"","format":"standard","meta":{"footnotes":""},"categories":[1,24,21],"tags":[223,1701,1635,294,261,27],"class_list":{"0":"post-17979","1":"post","2":"type-post","3":"status-publish","4":"format-standard","5":"has-post-thumbnail","7":"category-destacadas","8":"category-informacion-general","9":"category-tu-soledad","10":"tag-ayuntamiento-soledense","11":"tag-enchiladas","12":"tag-fenae","13":"tag-san-luis","14":"tag-slp","15":"tag-soledad"},"_links":{"self":[{"href":"https:\/\/cronicadesoledad.com\/index.php\/wp-json\/wp\/v2\/posts\/17979","targetHints":{"allow":["GET"]}}],"collection":[{"href":"https:\/\/cronicadesoledad.com\/index.php\/wp-json\/wp\/v2\/posts"}],"about":[{"href":"https:\/\/cronicadesoledad.com\/index.php\/wp-json\/wp\/v2\/types\/post"}],"author":[{"embeddable":true,"href":"https:\/\/cronicadesoledad.com\/index.php\/wp-json\/wp\/v2\/users\/2"}],"replies":[{"embeddable":true,"href":"https:\/\/cronicadesoledad.com\/index.php\/wp-json\/wp\/v2\/comments?post=17979"}],"version-history":[{"count":1,"href":"https:\/\/cronicadesoledad.com\/index.php\/wp-json\/wp\/v2\/posts\/17979\/revisions"}],"predecessor-version":[{"id":17981,"href":"https:\/\/cronicadesoledad.com\/index.php\/wp-json\/wp\/v2\/posts\/17979\/revisions\/17981"}],"wp:featuredmedia":[{"embeddable":true,"href":"https:\/\/cronicadesoledad.com\/index.php\/wp-json\/wp\/v2\/media\/17980"}],"wp:attachment":[{"href":"https:\/\/cronicadesoledad.com\/index.php\/wp-json\/wp\/v2\/media?parent=17979"}],"wp:term":[{"taxonomy":"category","embeddable":true,"href":"https:\/\/cronicadesoledad.com\/index.php\/wp-json\/wp\/v2\/categories?post=17979"},{"taxonomy":"post_tag","embeddable":true,"href":"https:\/\/cronicadesoledad.com\/index.php\/wp-json\/wp\/v2\/tags?post=17979"}],"curies":[{"name":"wp","href":"https:\/\/api.w.org\/{rel}","templated":true}]}}