{"id":18015,"date":"2025-04-23T13:00:00","date_gmt":"2025-04-23T19:00:00","guid":{"rendered":"https:\/\/cronicadesoledad.com\/?p=18015"},"modified":"2025-04-23T12:11:05","modified_gmt":"2025-04-23T18:11:05","slug":"candidaturas-judiciales-bajo-sospecha-por-nexos-con-el-crimen","status":"publish","type":"post","link":"https:\/\/cronicadesoledad.com\/index.php\/2025\/04\/23\/candidaturas-judiciales-bajo-sospecha-por-nexos-con-el-crimen\/","title":{"rendered":"Candidaturas judiciales bajo sospecha por nexos con el crimen"},"content":{"rendered":"\n<p>La presidenta Claudia Sheinbaum pidi\u00f3 al Tribunal Electoral intervenir ante la presencia de aspirantes al Poder Judicial con presuntos v\u00ednculos con el crimen organizado, aun cuando sus nombres ya fueron validados y figuran en las boletas electorales.<\/p>\n\n\n\n<p>En su conferencia de este mi\u00e9rcoles, Sheinbaum advirti\u00f3 que el Tribunal tiene la facultad de descalificar candidaturas si se demuestra que incumplen los requisitos constitucionales, como antecedentes de actividad delictiva o un promedio m\u00ednimo de 8 en la licenciatura. <\/p>\n\n\n\n<p>El llamado se da tras la admisi\u00f3n del presidente del Senado, Gerardo Fern\u00e1ndez Noro\u00f1a, sobre fallas en el proceso de selecci\u00f3n. El legislador reconoci\u00f3 que entre los aspirantes hay individuos ligados a redes delictivas. \u201cHemos detectado, por ejemplo, algunos&nbsp;defensores de narcotraficantes&nbsp;que est\u00e1n queriendo acceder.&nbsp;No deber\u00edan participar, no cumplen con la exigencia constitucional de probidad\u201d, declar\u00f3.<\/p>\n\n\n\n<p>La selecci\u00f3n de jueces, magistrados y ministros incluy\u00f3 tres etapas de evaluaci\u00f3n: dos dirigidas por el Senado y una m\u00e1s por comit\u00e9s de los tres Poderes de la Uni\u00f3n. Estos filtros deb\u00edan revisar antecedentes, trayectoria profesional y cumplimiento de requisitos legales. Sin embargo, la presencia de perfiles cuestionados pone en duda su eficacia.<\/p>\n\n\n\n<p>Sheinbaum plante\u00f3 que, incluso con las boletas ya impresas, el Tribunal podr\u00eda aplicar medidas cautelares o invalidar registros si se presentan pruebas s\u00f3lidas.<\/p>\n","protected":false},"excerpt":{"rendered":"<p>La presidenta Claudia Sheinbaum pidi\u00f3 al Tribunal Electoral intervenir ante la presencia de aspirantes al Poder Judicial con presuntos v\u00ednculos con el crimen organizado, aun cuando sus nombres ya fueron validados y figuran en las boletas electorales. En su conferencia de este mi\u00e9rcoles, Sheinbaum advirti\u00f3 que el Tribunal tiene la facultad de descalificar candidaturas si [&hellip;]<\/p>\n","protected":false},"author":1,"featured_media":18016,"comment_status":"open","ping_status":"open","sticky":false,"template":"","format":"standard","meta":{"footnotes":""},"categories":[30,24],"tags":[619,4065,1178,287,419,294,261,27],"class_list":{"0":"post-18015","1":"post","2":"type-post","3":"status-publish","4":"format-standard","5":"has-post-thumbnail","7":"category-de-la-region-centro","8":"category-informacion-general","9":"tag-claudia-sheinbaum","10":"tag-cnadidatos","11":"tag-crimen-organizado","12":"tag-nacional","13":"tag-poder-judicial","14":"tag-san-luis","15":"tag-slp","16":"tag-soledad"},"_links":{"self":[{"href":"https:\/\/cronicadesoledad.com\/index.php\/wp-json\/wp\/v2\/posts\/18015","targetHints":{"allow":["GET"]}}],"collection":[{"href":"https:\/\/cronicadesoledad.com\/index.php\/wp-json\/wp\/v2\/posts"}],"about":[{"href":"https:\/\/cronicadesoledad.com\/index.php\/wp-json\/wp\/v2\/types\/post"}],"author":[{"embeddable":true,"href":"https:\/\/cronicadesoledad.com\/index.php\/wp-json\/wp\/v2\/users\/1"}],"replies":[{"embeddable":true,"href":"https:\/\/cronicadesoledad.com\/index.php\/wp-json\/wp\/v2\/comments?post=18015"}],"version-history":[{"count":1,"href":"https:\/\/cronicadesoledad.com\/index.php\/wp-json\/wp\/v2\/posts\/18015\/revisions"}],"predecessor-version":[{"id":18017,"href":"https:\/\/cronicadesoledad.com\/index.php\/wp-json\/wp\/v2\/posts\/18015\/revisions\/18017"}],"wp:featuredmedia":[{"embeddable":true,"href":"https:\/\/cronicadesoledad.com\/index.php\/wp-json\/wp\/v2\/media\/18016"}],"wp:attachment":[{"href":"https:\/\/cronicadesoledad.com\/index.php\/wp-json\/wp\/v2\/media?parent=18015"}],"wp:term":[{"taxonomy":"category","embeddable":true,"href":"https:\/\/cronicadesoledad.com\/index.php\/wp-json\/wp\/v2\/categories?post=18015"},{"taxonomy":"post_tag","embeddable":true,"href":"https:\/\/cronicadesoledad.com\/index.php\/wp-json\/wp\/v2\/tags?post=18015"}],"curies":[{"name":"wp","href":"https:\/\/api.w.org\/{rel}","templated":true}]}}