{"id":18021,"date":"2025-04-23T14:00:00","date_gmt":"2025-04-23T20:00:00","guid":{"rendered":"https:\/\/cronicadesoledad.com\/?p=18021"},"modified":"2025-04-23T12:28:59","modified_gmt":"2025-04-23T18:28:59","slug":"policias-municipales-asisten-a-joven-madre-durante-parto-en-la-via-publica","status":"publish","type":"post","link":"https:\/\/cronicadesoledad.com\/index.php\/2025\/04\/23\/policias-municipales-asisten-a-joven-madre-durante-parto-en-la-via-publica\/","title":{"rendered":"Polic\u00edas municipales asisten a joven madre durante parto en la v\u00eda p\u00fablica"},"content":{"rendered":"\n<p>La noche del 22 de abril, elementos de la Secretar\u00eda de Seguridad y Protecci\u00f3n Ciudadana (SSPC) de la capital potosina brindaron asistencia a una joven madre de 23 a\u00f1os que comenz\u00f3 su labor de parto mientras viajaba en autom\u00f3vil por la avenida Universidad.<\/p>\n\n\n\n<p>El incidente ocurri\u00f3 a la altura de la calle Novena, en la colonia San Luis, cuando el veh\u00edculo en el que viajaba la mujer present\u00f3 una falla mec\u00e1nica. Los oficiales, quienes realizaban patrullajes de rutina en la zona, recibieron el reporte y se desplazaron al lugar.<\/p>\n\n\n\n<p>A su llegada, los oficiales brindaron apoyo a la mujer, quien no pudo esperar a la atenci\u00f3n m\u00e9dica y dio a luz con la ayuda de los agentes. El reci\u00e9n nacido, un var\u00f3n, fue recibido y resguardado por los polic\u00edas mientras se gestionaba la llegada de una ambulancia.<\/p>\n\n\n\n<p>Posteriormente, param\u00e9dicos de Protecci\u00f3n Civil Municipal arribaron al lugar y trasladaron a la madre y al beb\u00e9 a una cl\u00ednica para recibir atenci\u00f3n m\u00e9dica. El estado de salud de ambos fue reportado como estable.<\/p>\n","protected":false},"excerpt":{"rendered":"<p>La noche del 22 de abril, elementos de la Secretar\u00eda de Seguridad y Protecci\u00f3n Ciudadana (SSPC) de la capital potosina brindaron asistencia a una joven madre de 23 a\u00f1os que comenz\u00f3 su labor de parto mientras viajaba en autom\u00f3vil por la avenida Universidad. El incidente ocurri\u00f3 a la altura de la calle Novena, en la [&hellip;]<\/p>\n","protected":false},"author":1,"featured_media":18022,"comment_status":"open","ping_status":"open","sticky":false,"template":"","format":"standard","meta":{"footnotes":""},"categories":[30,24,3163,3080],"tags":[2839,269,294,276,261,27,460,449],"class_list":{"0":"post-18021","1":"post","2":"type-post","3":"status-publish","4":"format-standard","5":"has-post-thumbnail","7":"category-de-la-region-centro","8":"category-informacion-general","9":"category-san-luis-potosi","10":"category-slp","11":"tag-parto","12":"tag-salud","13":"tag-san-luis","14":"tag-seguridad","15":"tag-slp","16":"tag-soledad","17":"tag-sspc","18":"tag-via-publica"},"_links":{"self":[{"href":"https:\/\/cronicadesoledad.com\/index.php\/wp-json\/wp\/v2\/posts\/18021","targetHints":{"allow":["GET"]}}],"collection":[{"href":"https:\/\/cronicadesoledad.com\/index.php\/wp-json\/wp\/v2\/posts"}],"about":[{"href":"https:\/\/cronicadesoledad.com\/index.php\/wp-json\/wp\/v2\/types\/post"}],"author":[{"embeddable":true,"href":"https:\/\/cronicadesoledad.com\/index.php\/wp-json\/wp\/v2\/users\/1"}],"replies":[{"embeddable":true,"href":"https:\/\/cronicadesoledad.com\/index.php\/wp-json\/wp\/v2\/comments?post=18021"}],"version-history":[{"count":1,"href":"https:\/\/cronicadesoledad.com\/index.php\/wp-json\/wp\/v2\/posts\/18021\/revisions"}],"predecessor-version":[{"id":18023,"href":"https:\/\/cronicadesoledad.com\/index.php\/wp-json\/wp\/v2\/posts\/18021\/revisions\/18023"}],"wp:featuredmedia":[{"embeddable":true,"href":"https:\/\/cronicadesoledad.com\/index.php\/wp-json\/wp\/v2\/media\/18022"}],"wp:attachment":[{"href":"https:\/\/cronicadesoledad.com\/index.php\/wp-json\/wp\/v2\/media?parent=18021"}],"wp:term":[{"taxonomy":"category","embeddable":true,"href":"https:\/\/cronicadesoledad.com\/index.php\/wp-json\/wp\/v2\/categories?post=18021"},{"taxonomy":"post_tag","embeddable":true,"href":"https:\/\/cronicadesoledad.com\/index.php\/wp-json\/wp\/v2\/tags?post=18021"}],"curies":[{"name":"wp","href":"https:\/\/api.w.org\/{rel}","templated":true}]}}