{"id":18035,"date":"2025-04-23T16:30:00","date_gmt":"2025-04-23T22:30:00","guid":{"rendered":"https:\/\/cronicadesoledad.com\/?p=18035"},"modified":"2025-04-23T14:54:35","modified_gmt":"2025-04-23T20:54:35","slug":"investigan-agresion-con-piedra-contra-mujer-con-un-menor-en-brazos","status":"publish","type":"post","link":"https:\/\/cronicadesoledad.com\/index.php\/2025\/04\/23\/investigan-agresion-con-piedra-contra-mujer-con-un-menor-en-brazos\/","title":{"rendered":"Investigan agresi\u00f3n con piedra contra mujer con un menor en brazos"},"content":{"rendered":"\n<p>Una mujer que cargaba a su hijo peque\u00f1o fue agredida este lunes en una tienda de abarrotes ubicada sobre la avenida Observatorio, en San Luis Potos\u00ed. De acuerdo con los primeros reportes, un individuo se aproxim\u00f3 por detr\u00e1s y le arroj\u00f3 una piedra directamente a la cabeza, provoc\u00e1ndole una lesi\u00f3n que requiri\u00f3 atenci\u00f3n m\u00e9dica.<\/p>\n\n\n\n<p>El ataque ocurri\u00f3 sin que mediara conflicto previo, y el agresor huy\u00f3 del lugar inmediatamente despu\u00e9s. La mujer fue trasladada a un hospital para su valoraci\u00f3n, mientras que el menor que llevaba en brazos no result\u00f3 lesionado.<\/p>\n\n\n\n<p>Testigos del incidente describieron al atacante como una persona con comportamiento err\u00e1tico. Hasta el momento, no se ha confirmado su identidad ni su localizaci\u00f3n. El hecho ha generado preocupaci\u00f3n entre residentes de la zona, quienes han exigido una mayor vigilancia policial y acciones concretas ante la inseguridad.<\/p>\n\n\n\n<p>En redes sociales, usuarios han expresado su preocupaci\u00f3n por la violencia ejercida contra personas en situaci\u00f3n vulnerable y han solicitado colaboraci\u00f3n ciudadana para identificar al responsable. Autoridades estatales ya iniciaron una investigaci\u00f3n a cargo de la Fiscal\u00eda General del Estado.<\/p>\n","protected":false},"excerpt":{"rendered":"<p>Una mujer que cargaba a su hijo peque\u00f1o fue agredida este lunes en una tienda de abarrotes ubicada sobre la avenida Observatorio, en San Luis Potos\u00ed. De acuerdo con los primeros reportes, un individuo se aproxim\u00f3 por detr\u00e1s y le arroj\u00f3 una piedra directamente a la cabeza, provoc\u00e1ndole una lesi\u00f3n que requiri\u00f3 atenci\u00f3n m\u00e9dica. El [&hellip;]<\/p>\n","protected":false},"author":1,"featured_media":18036,"comment_status":"open","ping_status":"open","sticky":false,"template":"","format":"standard","meta":{"footnotes":""},"categories":[30,24,3163,3080],"tags":[3137,1819,368,2591,294,261,27,1899],"class_list":{"0":"post-18035","1":"post","2":"type-post","3":"status-publish","4":"format-standard","5":"has-post-thumbnail","7":"category-de-la-region-centro","8":"category-informacion-general","9":"category-san-luis-potosi","10":"category-slp","11":"tag-agresion","12":"tag-fge","13":"tag-inseguridad","14":"tag-menor-de-edad","15":"tag-san-luis","16":"tag-slp","17":"tag-soledad","18":"tag-violencia"},"_links":{"self":[{"href":"https:\/\/cronicadesoledad.com\/index.php\/wp-json\/wp\/v2\/posts\/18035","targetHints":{"allow":["GET"]}}],"collection":[{"href":"https:\/\/cronicadesoledad.com\/index.php\/wp-json\/wp\/v2\/posts"}],"about":[{"href":"https:\/\/cronicadesoledad.com\/index.php\/wp-json\/wp\/v2\/types\/post"}],"author":[{"embeddable":true,"href":"https:\/\/cronicadesoledad.com\/index.php\/wp-json\/wp\/v2\/users\/1"}],"replies":[{"embeddable":true,"href":"https:\/\/cronicadesoledad.com\/index.php\/wp-json\/wp\/v2\/comments?post=18035"}],"version-history":[{"count":1,"href":"https:\/\/cronicadesoledad.com\/index.php\/wp-json\/wp\/v2\/posts\/18035\/revisions"}],"predecessor-version":[{"id":18037,"href":"https:\/\/cronicadesoledad.com\/index.php\/wp-json\/wp\/v2\/posts\/18035\/revisions\/18037"}],"wp:featuredmedia":[{"embeddable":true,"href":"https:\/\/cronicadesoledad.com\/index.php\/wp-json\/wp\/v2\/media\/18036"}],"wp:attachment":[{"href":"https:\/\/cronicadesoledad.com\/index.php\/wp-json\/wp\/v2\/media?parent=18035"}],"wp:term":[{"taxonomy":"category","embeddable":true,"href":"https:\/\/cronicadesoledad.com\/index.php\/wp-json\/wp\/v2\/categories?post=18035"},{"taxonomy":"post_tag","embeddable":true,"href":"https:\/\/cronicadesoledad.com\/index.php\/wp-json\/wp\/v2\/tags?post=18035"}],"curies":[{"name":"wp","href":"https:\/\/api.w.org\/{rel}","templated":true}]}}