{"id":18060,"date":"2025-04-24T00:48:04","date_gmt":"2025-04-24T06:48:04","guid":{"rendered":"https:\/\/cronicadesoledad.com\/?p=18060"},"modified":"2025-04-24T00:48:04","modified_gmt":"2025-04-24T06:48:04","slug":"instituto-municipal-de-la-juventud-amplia-oferta-de-cursos","status":"publish","type":"post","link":"https:\/\/cronicadesoledad.com\/index.php\/2025\/04\/24\/instituto-municipal-de-la-juventud-amplia-oferta-de-cursos\/","title":{"rendered":"Instituto Municipal de la Juventud ampl\u00eda oferta de cursos"},"content":{"rendered":"\n<p>Con el compromiso de fortalecer el desarrollo personal y profesional de la juventud poce\u00f1a, el Gobierno de Villa de Pozos, a trav\u00e9s del Instituto Municipal de la Juventud, anunci\u00f3 la ampliaci\u00f3n de cursos para brindar m\u00e1s oportunidades para que las y los j\u00f3venes adquieran habilidades \u00fatiles para su futuro laboral.<\/p>\n\n\n\n<p>El titular del Instituto, Jos\u00e9 de Jes\u00fas Espinosa Ortiz, inform\u00f3 que a la actual oferta educativa se suman nuevos cursos enfocados en estilismo, tales como aplicaci\u00f3n de u\u00f1as avanzado, curso de pesta\u00f1as, curly lashes, lash lifting, alaciados progresivos y botox capilar, que se a\u00f1aden a los ya existentes como el curso de reparaci\u00f3n de celulares.<\/p>\n\n\n\n<p>Los cursos se imparten dos d\u00edas a la semana en las instalaciones del Instituto Municipal de la Juventud, ubicado en calle 71 esquina con calle 30, colonia Prados Segunda Secci\u00f3n con un enfoque 90% practico.<\/p>\n\n\n\n<p>Con una cuota de cooperaci\u00f3n de 50 pesos sin incluir materiales, estos talleres est\u00e1n dise\u00f1ados para brindar herramientas reales y aplicables a los j\u00f3venes y al concluir cada curso, se entregar\u00e1 un diploma de participaci\u00f3n que acredita los conocimientos adquiridos.<\/p>\n","protected":false},"excerpt":{"rendered":"<p>Con el compromiso de fortalecer el desarrollo personal y profesional de la juventud poce\u00f1a, el Gobierno de Villa de Pozos, a trav\u00e9s del Instituto Municipal de la Juventud, anunci\u00f3 la ampliaci\u00f3n de cursos para brindar m\u00e1s oportunidades para que las y los j\u00f3venes adquieran habilidades \u00fatiles para su futuro laboral. El titular del Instituto, Jos\u00e9 [&hellip;]<\/p>\n","protected":false},"author":1,"featured_media":18061,"comment_status":"open","ping_status":"open","sticky":false,"template":"","format":"standard","meta":{"footnotes":""},"categories":[24,3175],"tags":[482,4077,294,261,1068],"class_list":{"0":"post-18060","1":"post","2":"type-post","3":"status-publish","4":"format-standard","5":"has-post-thumbnail","7":"category-informacion-general","8":"category-pozos","9":"tag-instituto-municipal-de-la-juventud","10":"tag-oferta-de-cursos","11":"tag-san-luis","12":"tag-slp","13":"tag-villa-de-pozos"},"_links":{"self":[{"href":"https:\/\/cronicadesoledad.com\/index.php\/wp-json\/wp\/v2\/posts\/18060","targetHints":{"allow":["GET"]}}],"collection":[{"href":"https:\/\/cronicadesoledad.com\/index.php\/wp-json\/wp\/v2\/posts"}],"about":[{"href":"https:\/\/cronicadesoledad.com\/index.php\/wp-json\/wp\/v2\/types\/post"}],"author":[{"embeddable":true,"href":"https:\/\/cronicadesoledad.com\/index.php\/wp-json\/wp\/v2\/users\/1"}],"replies":[{"embeddable":true,"href":"https:\/\/cronicadesoledad.com\/index.php\/wp-json\/wp\/v2\/comments?post=18060"}],"version-history":[{"count":1,"href":"https:\/\/cronicadesoledad.com\/index.php\/wp-json\/wp\/v2\/posts\/18060\/revisions"}],"predecessor-version":[{"id":18062,"href":"https:\/\/cronicadesoledad.com\/index.php\/wp-json\/wp\/v2\/posts\/18060\/revisions\/18062"}],"wp:featuredmedia":[{"embeddable":true,"href":"https:\/\/cronicadesoledad.com\/index.php\/wp-json\/wp\/v2\/media\/18061"}],"wp:attachment":[{"href":"https:\/\/cronicadesoledad.com\/index.php\/wp-json\/wp\/v2\/media?parent=18060"}],"wp:term":[{"taxonomy":"category","embeddable":true,"href":"https:\/\/cronicadesoledad.com\/index.php\/wp-json\/wp\/v2\/categories?post=18060"},{"taxonomy":"post_tag","embeddable":true,"href":"https:\/\/cronicadesoledad.com\/index.php\/wp-json\/wp\/v2\/tags?post=18060"}],"curies":[{"name":"wp","href":"https:\/\/api.w.org\/{rel}","templated":true}]}}