{"id":18075,"date":"2025-04-24T21:35:21","date_gmt":"2025-04-25T03:35:21","guid":{"rendered":"https:\/\/cronicadesoledad.com\/?p=18075"},"modified":"2025-04-24T21:35:22","modified_gmt":"2025-04-25T03:35:22","slug":"soledad-se-une-a-la-semana-nacional-de-vacunacion-2025","status":"publish","type":"post","link":"https:\/\/cronicadesoledad.com\/index.php\/2025\/04\/24\/soledad-se-une-a-la-semana-nacional-de-vacunacion-2025\/","title":{"rendered":"Soledad se une a la Semana Nacional de Vacunaci\u00f3n 2025"},"content":{"rendered":"\n<p>Del 25 de abril al 3 de mayo, los centros de salud de Soledad de Graciano S\u00e1nchez participar\u00e1n activamente en la Primera Semana Nacional de Vacunaci\u00f3n 2025. Bajo el lema <em>\u201cTu decisi\u00f3n marca la diferencia\u201d<\/em>, la campa\u00f1a busca acercar los servicios m\u00e9dicos preventivos a toda la poblaci\u00f3n.<\/p>\n\n\n\n<p>En coordinaci\u00f3n con los Servicios de Salud en el Estado, el Gobierno Municipal de Soledad de Graciano S\u00e1nchez anunci\u00f3 su participaci\u00f3n en la Primera Semana Nacional de Vacunaci\u00f3n 2025, que se desarrollar\u00e1 del viernes 25 de abril al s\u00e1bado 3 de mayo.<\/p>\n\n\n\n<p>Esta jornada tiene como objetivo principal reforzar la cobertura de esquemas de vacunaci\u00f3n en ni\u00f1as, ni\u00f1os, adolescentes y personas adultas del municipio, contribuyendo as\u00ed al bienestar integral de las familias soledenses.<\/p>\n\n\n\n<p>Durante esta semana, se estar\u00e1n aplicando vacunas gratuitas contra enfermedades prevenibles como el sarampi\u00f3n, la rub\u00e9ola, la poliomielitis, la hepatitis, entre otras afecciones que representan un riesgo importante, sobre todo para los sectores m\u00e1s vulnerables de la poblaci\u00f3n.<\/p>\n\n\n\n<p>Los centros de salud del municipio estar\u00e1n habilitados y atendidos por personal m\u00e9dico capacitado que brindar\u00e1 orientaci\u00f3n, asistencia y la aplicaci\u00f3n de los biol\u00f3gicos en un entorno seguro, organizado y accesible.<\/p>\n\n\n\n<p>El Gobierno de Soledad hace un llamado a la ciudadan\u00eda a aprovechar esta oportunidad para completar o iniciar sus esquemas de vacunaci\u00f3n.<\/p>\n","protected":false},"excerpt":{"rendered":"<p>Del 25 de abril al 3 de mayo, los centros de salud de Soledad de Graciano S\u00e1nchez participar\u00e1n activamente en la Primera Semana Nacional de Vacunaci\u00f3n 2025. Bajo el lema \u201cTu decisi\u00f3n marca la diferencia\u201d, la campa\u00f1a busca acercar los servicios m\u00e9dicos preventivos a toda la poblaci\u00f3n. En coordinaci\u00f3n con los Servicios de Salud en [&hellip;]<\/p>\n","protected":false},"author":1,"featured_media":18076,"comment_status":"open","ping_status":"open","sticky":false,"template":"","format":"standard","meta":{"footnotes":""},"categories":[24,21],"tags":[4083,269,4082,261,27],"class_list":{"0":"post-18075","1":"post","2":"type-post","3":"status-publish","4":"format-standard","5":"has-post-thumbnail","7":"category-informacion-general","8":"category-tu-soledad","9":"tag-gobierno-de-soledad","10":"tag-salud","11":"tag-semana-nacional-de-vacunacion","12":"tag-slp","13":"tag-soledad"},"_links":{"self":[{"href":"https:\/\/cronicadesoledad.com\/index.php\/wp-json\/wp\/v2\/posts\/18075","targetHints":{"allow":["GET"]}}],"collection":[{"href":"https:\/\/cronicadesoledad.com\/index.php\/wp-json\/wp\/v2\/posts"}],"about":[{"href":"https:\/\/cronicadesoledad.com\/index.php\/wp-json\/wp\/v2\/types\/post"}],"author":[{"embeddable":true,"href":"https:\/\/cronicadesoledad.com\/index.php\/wp-json\/wp\/v2\/users\/1"}],"replies":[{"embeddable":true,"href":"https:\/\/cronicadesoledad.com\/index.php\/wp-json\/wp\/v2\/comments?post=18075"}],"version-history":[{"count":1,"href":"https:\/\/cronicadesoledad.com\/index.php\/wp-json\/wp\/v2\/posts\/18075\/revisions"}],"predecessor-version":[{"id":18077,"href":"https:\/\/cronicadesoledad.com\/index.php\/wp-json\/wp\/v2\/posts\/18075\/revisions\/18077"}],"wp:featuredmedia":[{"embeddable":true,"href":"https:\/\/cronicadesoledad.com\/index.php\/wp-json\/wp\/v2\/media\/18076"}],"wp:attachment":[{"href":"https:\/\/cronicadesoledad.com\/index.php\/wp-json\/wp\/v2\/media?parent=18075"}],"wp:term":[{"taxonomy":"category","embeddable":true,"href":"https:\/\/cronicadesoledad.com\/index.php\/wp-json\/wp\/v2\/categories?post=18075"},{"taxonomy":"post_tag","embeddable":true,"href":"https:\/\/cronicadesoledad.com\/index.php\/wp-json\/wp\/v2\/tags?post=18075"}],"curies":[{"name":"wp","href":"https:\/\/api.w.org\/{rel}","templated":true}]}}