{"id":18119,"date":"2025-04-25T13:30:00","date_gmt":"2025-04-25T19:30:00","guid":{"rendered":"https:\/\/cronicadesoledad.com\/?p=18119"},"modified":"2025-04-25T12:43:18","modified_gmt":"2025-04-25T18:43:18","slug":"sheinbaum-exige-investigacion-a-fondo-por-asesinato-de-madre-buscadora-en-jalisco","status":"publish","type":"post","link":"https:\/\/cronicadesoledad.com\/index.php\/2025\/04\/25\/sheinbaum-exige-investigacion-a-fondo-por-asesinato-de-madre-buscadora-en-jalisco\/","title":{"rendered":"Sheinbaum exige investigaci\u00f3n a fondo por asesinato de madre buscadora en Jalisco"},"content":{"rendered":"\n<p>Tras el asesinato de Mar\u00eda del Carmen y su hijo Jaime Daniel, ocurrido el pasado mi\u00e9rcoles en Tlajomulco, Jalisco, la presidenta Claudia Sheinbaum hizo un llamado a las autoridades a realizar una investigaci\u00f3n profunda y sin simulaciones. Mar\u00eda del Carmen formaba parte del colectivo Guerreros Buscadores de Jalisco y hab\u00eda participado en el hallazgo de un presunto centro de adiestramiento del crimen organizado en el Rancho Izaguirre.<\/p>\n\n\n\n<p>\u201cEs muy lamentable (&#8230;) nuestra solidaridad a todos los familiares de las personas desaparecidas y en particular este tr\u00e1gico acontecimiento\u201d, expres\u00f3 la mandataria federal durante su conferencia, luego de leer una carta enviada por el colectivo, en la que se le solicit\u00f3 su intervenci\u00f3n directa ante la Fiscal\u00eda estatal.<\/p>\n\n\n\n<p>La Fiscal\u00eda de Jalisco inform\u00f3 que, hasta el momento, no existen indicios que vinculen el crimen con la labor de b\u00fasqueda de Mar\u00eda del Carmen. Sin embargo, colectivos de familiares de desaparecidos han cuestionado esa postura y exigen que no se descarte ninguna l\u00ednea de investigaci\u00f3n.<\/p>\n\n\n\n<p>En su posicionamiento, Sheinbaum insisti\u00f3 en que el caso debe esclarecerse: \u201cVamos a estar atentos y tiene que investigarse realmente a fondo de por qu\u00e9 ocurri\u00f3 este hecho, si fue por la labor de b\u00fasqueda que estaba haciendo o no, pero que sea una investigaci\u00f3n a fondo\u201d.<\/p>\n","protected":false},"excerpt":{"rendered":"<p>Tras el asesinato de Mar\u00eda del Carmen y su hijo Jaime Daniel, ocurrido el pasado mi\u00e9rcoles en Tlajomulco, Jalisco, la presidenta Claudia Sheinbaum hizo un llamado a las autoridades a realizar una investigaci\u00f3n profunda y sin simulaciones. Mar\u00eda del Carmen formaba parte del colectivo Guerreros Buscadores de Jalisco y hab\u00eda participado en el hallazgo de [&hellip;]<\/p>\n","protected":false},"author":1,"featured_media":18120,"comment_status":"open","ping_status":"open","sticky":false,"template":"","format":"standard","meta":{"footnotes":""},"categories":[30,24],"tags":[4093,619,1586,4094,287,294,261,27],"class_list":{"0":"post-18119","1":"post","2":"type-post","3":"status-publish","4":"format-standard","5":"has-post-thumbnail","7":"category-de-la-region-centro","8":"category-informacion-general","9":"tag-aesinato","10":"tag-claudia-sheinbaum","11":"tag-jalisco","12":"tag-madre-buscadora","13":"tag-nacional","14":"tag-san-luis","15":"tag-slp","16":"tag-soledad"},"_links":{"self":[{"href":"https:\/\/cronicadesoledad.com\/index.php\/wp-json\/wp\/v2\/posts\/18119","targetHints":{"allow":["GET"]}}],"collection":[{"href":"https:\/\/cronicadesoledad.com\/index.php\/wp-json\/wp\/v2\/posts"}],"about":[{"href":"https:\/\/cronicadesoledad.com\/index.php\/wp-json\/wp\/v2\/types\/post"}],"author":[{"embeddable":true,"href":"https:\/\/cronicadesoledad.com\/index.php\/wp-json\/wp\/v2\/users\/1"}],"replies":[{"embeddable":true,"href":"https:\/\/cronicadesoledad.com\/index.php\/wp-json\/wp\/v2\/comments?post=18119"}],"version-history":[{"count":1,"href":"https:\/\/cronicadesoledad.com\/index.php\/wp-json\/wp\/v2\/posts\/18119\/revisions"}],"predecessor-version":[{"id":18121,"href":"https:\/\/cronicadesoledad.com\/index.php\/wp-json\/wp\/v2\/posts\/18119\/revisions\/18121"}],"wp:featuredmedia":[{"embeddable":true,"href":"https:\/\/cronicadesoledad.com\/index.php\/wp-json\/wp\/v2\/media\/18120"}],"wp:attachment":[{"href":"https:\/\/cronicadesoledad.com\/index.php\/wp-json\/wp\/v2\/media?parent=18119"}],"wp:term":[{"taxonomy":"category","embeddable":true,"href":"https:\/\/cronicadesoledad.com\/index.php\/wp-json\/wp\/v2\/categories?post=18119"},{"taxonomy":"post_tag","embeddable":true,"href":"https:\/\/cronicadesoledad.com\/index.php\/wp-json\/wp\/v2\/tags?post=18119"}],"curies":[{"name":"wp","href":"https:\/\/api.w.org\/{rel}","templated":true}]}}