{"id":18167,"date":"2025-04-25T23:51:15","date_gmt":"2025-04-26T05:51:15","guid":{"rendered":"https:\/\/cronicadesoledad.com\/?p=18167"},"modified":"2025-04-25T23:51:15","modified_gmt":"2025-04-26T05:51:15","slug":"con-alegria-villa-de-pozos-celebra-a-la-ninez","status":"publish","type":"post","link":"https:\/\/cronicadesoledad.com\/index.php\/2025\/04\/25\/con-alegria-villa-de-pozos-celebra-a-la-ninez\/","title":{"rendered":"Con alegr\u00eda, Villa de Pozos celebra a la ni\u00f1ez"},"content":{"rendered":"\n<p>Previo a la celebraci\u00f3n del D\u00eda del Ni\u00f1o y la Ni\u00f1a y como una muestra de reconocimiento al valor de la ni\u00f1ez poce\u00f1a, el Gobierno municipal de Villa de Pozos, a trav\u00e9s del Sistema para el Desarrollo Integral de la Familia Municipal (DIF), organiz\u00f3 una colorida y emotiva celebraci\u00f3n en la Unidad Deportiva Villas del Sol, que reuni\u00f3 a m\u00e1s de cien ni\u00f1as, ni\u00f1os y sus familias.<\/p>\n\n\n\n<p>La presidenta del DIF Municipal, Laura Ang\u00e9lica Villanueva Hern\u00e1ndez, resalt\u00f3 la importancia de fomentar espacios de alegr\u00eda, creatividad y convivencia para los m\u00e1s peque\u00f1os del hogar y agradeci\u00f3 profundamente a las madres, padres y tutores por el amor y compromiso que d\u00eda a d\u00eda demuestran en su crianza.<\/p>\n\n\n\n<p>La celebraci\u00f3n incluy\u00f3 juegos tipo feria, una divertida funci\u00f3n de lucha libre, as\u00ed como un show de payasos y reafirm\u00f3 el compromiso del DIF Municipal por trabajar en acciones que fortalezcan el desarrollo integral de la ni\u00f1ez poce\u00f1a al brindar entornos seguros y oportunidades para su crecimiento.<\/p>\n\n\n\n<p>En representaci\u00f3n de la Presidenta Concejal, Teresa Rivera Acevedo, el secretario Ren\u00e9 Oyarvide Ibarra, acompa\u00f1\u00f3 a las familias y destac\u00f3 la importancia de estas actividades para reconocer a la infancia como pilar fundamental del municipio.<\/p>\n","protected":false},"excerpt":{"rendered":"<p>Previo a la celebraci\u00f3n del D\u00eda del Ni\u00f1o y la Ni\u00f1a y como una muestra de reconocimiento al valor de la ni\u00f1ez poce\u00f1a, el Gobierno municipal de Villa de Pozos, a trav\u00e9s del Sistema para el Desarrollo Integral de la Familia Municipal (DIF), organiz\u00f3 una colorida y emotiva celebraci\u00f3n en la Unidad Deportiva Villas del [&hellip;]<\/p>\n","protected":false},"author":1,"featured_media":18168,"comment_status":"open","ping_status":"open","sticky":false,"template":"","format":"standard","meta":{"footnotes":""},"categories":[24,3175],"tags":[387,917,294,261,1068],"class_list":{"0":"post-18167","1":"post","2":"type-post","3":"status-publish","4":"format-standard","5":"has-post-thumbnail","7":"category-informacion-general","8":"category-pozos","9":"tag-dif","10":"tag-ninos","11":"tag-san-luis","12":"tag-slp","13":"tag-villa-de-pozos"},"_links":{"self":[{"href":"https:\/\/cronicadesoledad.com\/index.php\/wp-json\/wp\/v2\/posts\/18167","targetHints":{"allow":["GET"]}}],"collection":[{"href":"https:\/\/cronicadesoledad.com\/index.php\/wp-json\/wp\/v2\/posts"}],"about":[{"href":"https:\/\/cronicadesoledad.com\/index.php\/wp-json\/wp\/v2\/types\/post"}],"author":[{"embeddable":true,"href":"https:\/\/cronicadesoledad.com\/index.php\/wp-json\/wp\/v2\/users\/1"}],"replies":[{"embeddable":true,"href":"https:\/\/cronicadesoledad.com\/index.php\/wp-json\/wp\/v2\/comments?post=18167"}],"version-history":[{"count":1,"href":"https:\/\/cronicadesoledad.com\/index.php\/wp-json\/wp\/v2\/posts\/18167\/revisions"}],"predecessor-version":[{"id":18170,"href":"https:\/\/cronicadesoledad.com\/index.php\/wp-json\/wp\/v2\/posts\/18167\/revisions\/18170"}],"wp:featuredmedia":[{"embeddable":true,"href":"https:\/\/cronicadesoledad.com\/index.php\/wp-json\/wp\/v2\/media\/18168"}],"wp:attachment":[{"href":"https:\/\/cronicadesoledad.com\/index.php\/wp-json\/wp\/v2\/media?parent=18167"}],"wp:term":[{"taxonomy":"category","embeddable":true,"href":"https:\/\/cronicadesoledad.com\/index.php\/wp-json\/wp\/v2\/categories?post=18167"},{"taxonomy":"post_tag","embeddable":true,"href":"https:\/\/cronicadesoledad.com\/index.php\/wp-json\/wp\/v2\/tags?post=18167"}],"curies":[{"name":"wp","href":"https:\/\/api.w.org\/{rel}","templated":true}]}}