{"id":18171,"date":"2025-04-26T00:03:59","date_gmt":"2025-04-26T06:03:59","guid":{"rendered":"https:\/\/cronicadesoledad.com\/?p=18171"},"modified":"2025-04-26T00:03:59","modified_gmt":"2025-04-26T06:03:59","slug":"guardia-civil-de-soledad-conecta-con-familias-en-la-fenae","status":"publish","type":"post","link":"https:\/\/cronicadesoledad.com\/index.php\/2025\/04\/26\/guardia-civil-de-soledad-conecta-con-familias-en-la-fenae\/","title":{"rendered":"Guardia Civil de Soledad conecta con familias en la FENAE"},"content":{"rendered":"\n<p>Con juegos, charlas y kits preventivos, oficiales buscan reforzar la confianza de ni\u00f1as, ni\u00f1os y familias durante la feria.<\/p>\n\n\n\n<p>En el marco de la Feria Nacional de la Enchilada (FENAE) 2025, la Guardia Civil Municipal de Soledad de Graciano S\u00e1nchez mantiene un trabajo constante de proximidad social, con actividades recreativas y educativas dirigidas a los m\u00e1s peque\u00f1os del hogar, buscando fortalecer el v\u00ednculo entre ciudadan\u00eda y corporaci\u00f3n policial.<\/p>\n\n\n\n<p>De acuerdo con informaci\u00f3n oficial, las acciones se realizan por indicaci\u00f3n del alcalde Juan Manuel Navarro Mu\u00f1iz, y est\u00e1n a cargo de la Subdirecci\u00f3n de Proximidad Social, que diariamente recorre las instalaciones del recinto ferial junto a los personajes &#8220;Chano&#8221;, &#8220;Chole&#8221; y &#8220;Chanito&#8221;, figuras que se han vuelto \u00edcono de la Guardia Civil local.<\/p>\n\n\n\n<p>Durante estos recorridos, se entregan kits con juegos did\u00e1cticos preventivos, se ofrecen charlas sobre cultura vial, denuncia ciudadana y n\u00fameros de emergencia, y se generan espacios de convivencia familiar con din\u00e1micas l\u00fadicas y hasta bailes entre oficiales y asistentes.<\/p>\n\n\n\n<p>Las actividades continuar\u00e1n durante toda la feria como parte del esfuerzo por mostrar una cara m\u00e1s cercana, accesible y confiable de la seguridad p\u00fablica, particularmente hacia las ni\u00f1as, ni\u00f1os y familias que disfrutan de esta celebraci\u00f3n.<\/p>\n","protected":false},"excerpt":{"rendered":"<p>Con juegos, charlas y kits preventivos, oficiales buscan reforzar la confianza de ni\u00f1as, ni\u00f1os y familias durante la feria. En el marco de la Feria Nacional de la Enchilada (FENAE) 2025, la Guardia Civil Municipal de Soledad de Graciano S\u00e1nchez mantiene un trabajo constante de proximidad social, con actividades recreativas y educativas dirigidas a los [&hellip;]<\/p>\n","protected":false},"author":1,"featured_media":18175,"comment_status":"open","ping_status":"open","sticky":false,"template":"","format":"standard","meta":{"footnotes":""},"categories":[24,21],"tags":[1635,2483,261,27],"class_list":{"0":"post-18171","1":"post","2":"type-post","3":"status-publish","4":"format-standard","5":"has-post-thumbnail","7":"category-informacion-general","8":"category-tu-soledad","9":"tag-fenae","10":"tag-guardia-civil-municipal","11":"tag-slp","12":"tag-soledad"},"_links":{"self":[{"href":"https:\/\/cronicadesoledad.com\/index.php\/wp-json\/wp\/v2\/posts\/18171","targetHints":{"allow":["GET"]}}],"collection":[{"href":"https:\/\/cronicadesoledad.com\/index.php\/wp-json\/wp\/v2\/posts"}],"about":[{"href":"https:\/\/cronicadesoledad.com\/index.php\/wp-json\/wp\/v2\/types\/post"}],"author":[{"embeddable":true,"href":"https:\/\/cronicadesoledad.com\/index.php\/wp-json\/wp\/v2\/users\/1"}],"replies":[{"embeddable":true,"href":"https:\/\/cronicadesoledad.com\/index.php\/wp-json\/wp\/v2\/comments?post=18171"}],"version-history":[{"count":1,"href":"https:\/\/cronicadesoledad.com\/index.php\/wp-json\/wp\/v2\/posts\/18171\/revisions"}],"predecessor-version":[{"id":18176,"href":"https:\/\/cronicadesoledad.com\/index.php\/wp-json\/wp\/v2\/posts\/18171\/revisions\/18176"}],"wp:featuredmedia":[{"embeddable":true,"href":"https:\/\/cronicadesoledad.com\/index.php\/wp-json\/wp\/v2\/media\/18175"}],"wp:attachment":[{"href":"https:\/\/cronicadesoledad.com\/index.php\/wp-json\/wp\/v2\/media?parent=18171"}],"wp:term":[{"taxonomy":"category","embeddable":true,"href":"https:\/\/cronicadesoledad.com\/index.php\/wp-json\/wp\/v2\/categories?post=18171"},{"taxonomy":"post_tag","embeddable":true,"href":"https:\/\/cronicadesoledad.com\/index.php\/wp-json\/wp\/v2\/tags?post=18171"}],"curies":[{"name":"wp","href":"https:\/\/api.w.org\/{rel}","templated":true}]}}