{"id":18226,"date":"2025-04-28T03:03:00","date_gmt":"2025-04-28T09:03:00","guid":{"rendered":"https:\/\/cronicadesoledad.com\/?p=18226"},"modified":"2025-04-27T22:25:24","modified_gmt":"2025-04-28T04:25:24","slug":"barcelona-conquisto-la-copa-del-rey-en-un-epico-clasico","status":"publish","type":"post","link":"https:\/\/cronicadesoledad.com\/index.php\/2025\/04\/28\/barcelona-conquisto-la-copa-del-rey-en-un-epico-clasico\/","title":{"rendered":"Barcelona conquist\u00f3 la Copa del Rey en un \u00e9pico Cl\u00e1sico"},"content":{"rendered":"\n<p>En una noche cargada de emociones en Sevilla, el Barcelona se coron\u00f3 campe\u00f3n de la Copa del Rey tras vencer 3-2 al Real Madrid en una final vibrante y dram\u00e1tica, definida en la pr\u00f3rroga gracias a un inesperado h\u00e9roe: Jules Kound\u00e9. El defensor franc\u00e9s, conocido por su templanza y solidez, se visti\u00f3 de protagonista al marcar el gol decisivo en el minuto 115, cuando todo apuntaba a que el t\u00edtulo se definir\u00eda en penaltis.<\/p>\n\n\n\n<p>La final estuvo marcada por la tensi\u00f3n y los contrastes. Desde antes del pitazo inicial, el ambiente estuvo enrarecido por la pol\u00e9mica institucional del Real Madrid, cuyas actitudes en la previa a\u00f1adieron un matiz de crispaci\u00f3n que, inevitablemente, termin\u00f3 influyendo en el desarrollo del juego. A esto se sum\u00f3 un arbitraje cuestionado: el VAR anul\u00f3 en los \u00faltimos segundos del tiempo reglamentario un penalti inexistente de Ra\u00fal Asencio sobre Raphinha, pero tambi\u00e9n omiti\u00f3 se\u00f1alar otros dos claros a favor del Bar\u00e7a, uno de ellos un agarr\u00f3n evidente a Pau Cubars\u00ed.<\/p>\n\n\n\n<p>En la primera parte, el dominio azulgrana fue abrumador. El Bar\u00e7a acorral\u00f3 al Madrid como pocas veces se ha visto en la era moderna de los Cl\u00e1sicos: tras el primer cuarto de hora, los de Xavi manejaban el bal\u00f3n con un 87% de posesi\u00f3n. La superioridad se tradujo en gol cuando Lamine Yamal, tras una jugada brillante, sirvi\u00f3 un pase preciso a Pedri, quien fulmin\u00f3 a Courtois desde la frontal del \u00e1rea. Con el 1-0, y ante un Madrid desdibujado, parec\u00eda que el Barcelona ten\u00eda la final en sus manos.<\/p>\n\n\n\n<p>Sin embargo, el f\u00fatbol tiene su propia narrativa caprichosa. Tras el descanso, un Real Madrid revitalizado emergi\u00f3, impulsado por el ingreso de un Mbapp\u00e9 m\u00e1s activo y la energ\u00eda de Jude Bellingham. Wojciech Szczesny sostuvo al Bar\u00e7a con atajadas cruciales, pero el asedio blanco encontr\u00f3 premio: Mbapp\u00e9 empat\u00f3 con un golazo de tiro libre y, poco despu\u00e9s, Tchouam\u00e9ni dio la vuelta al marcador tras un centro de Arda G\u00fcler. De la euforia cul\u00e9 se pas\u00f3 al j\u00fabilo merengue en apenas unos minutos.<\/p>\n\n\n\n<p>Cuando el Madrid parec\u00eda tener la Copa en sus manos, apareci\u00f3 el car\u00e1cter del Bar\u00e7a. Lamine Yamal, el joven prodigio, volvi\u00f3 a marcar diferencias con una asistencia m\u00e1gica que Ferran Torres capitaliz\u00f3 para empatar. Luego, en una jugada pol\u00e9mica, el VAR intervino para anular un penalti sobre Raphinha, enviando el partido a una pr\u00f3rroga cargada de drama y desgaste f\u00edsico.<\/p>\n\n\n\n<p>La pr\u00f3rroga fue una batalla de voluntades. El Barcelona, espoleado por la resistencia y el orgullo, encontr\u00f3 la gloria en los pies de Kound\u00e9, quien caz\u00f3 un rebote en el \u00e1rea para lanzar un misil que dej\u00f3 sin respuesta a Courtois y puso el 3-2 definitivo. La Copa del Rey viaja de nuevo a las vitrinas azulgranas, en una noche inolvidable que reivindic\u00f3 el esp\u00edritu combativo del Bar\u00e7a y confirm\u00f3 a Kound\u00e9 como el h\u00e9roe inesperado de una final para la historia.<\/p>\n","protected":false},"excerpt":{"rendered":"<p>En una noche cargada de emociones en Sevilla, el Barcelona se coron\u00f3 campe\u00f3n de la Copa del Rey tras vencer 3-2 al Real Madrid en una final vibrante y dram\u00e1tica, definida en la pr\u00f3rroga gracias a un inesperado h\u00e9roe: Jules Kound\u00e9. El defensor franc\u00e9s, conocido por su templanza y solidez, se visti\u00f3 de protagonista al [&hellip;]<\/p>\n","protected":false},"author":2,"featured_media":18227,"comment_status":"open","ping_status":"open","sticky":false,"template":"","format":"standard","meta":{"footnotes":""},"categories":[20,1,24],"tags":[4129,4128,1981,271,3107,272,288,287,3105,294,261,27],"class_list":{"0":"post-18226","1":"post","2":"type-post","3":"status-publish","4":"format-standard","5":"has-post-thumbnail","7":"category-cronica-deportiva","8":"category-destacadas","9":"category-informacion-general","10":"tag-clasico","11":"tag-copa-del-rey","12":"tag-cronica-deportiva-2","13":"tag-deporte","14":"tag-fc-barcelona","15":"tag-futbol","16":"tag-internacional","17":"tag-nacional","18":"tag-real-madrid","19":"tag-san-luis","20":"tag-slp","21":"tag-soledad"},"_links":{"self":[{"href":"https:\/\/cronicadesoledad.com\/index.php\/wp-json\/wp\/v2\/posts\/18226","targetHints":{"allow":["GET"]}}],"collection":[{"href":"https:\/\/cronicadesoledad.com\/index.php\/wp-json\/wp\/v2\/posts"}],"about":[{"href":"https:\/\/cronicadesoledad.com\/index.php\/wp-json\/wp\/v2\/types\/post"}],"author":[{"embeddable":true,"href":"https:\/\/cronicadesoledad.com\/index.php\/wp-json\/wp\/v2\/users\/2"}],"replies":[{"embeddable":true,"href":"https:\/\/cronicadesoledad.com\/index.php\/wp-json\/wp\/v2\/comments?post=18226"}],"version-history":[{"count":1,"href":"https:\/\/cronicadesoledad.com\/index.php\/wp-json\/wp\/v2\/posts\/18226\/revisions"}],"predecessor-version":[{"id":18228,"href":"https:\/\/cronicadesoledad.com\/index.php\/wp-json\/wp\/v2\/posts\/18226\/revisions\/18228"}],"wp:featuredmedia":[{"embeddable":true,"href":"https:\/\/cronicadesoledad.com\/index.php\/wp-json\/wp\/v2\/media\/18227"}],"wp:attachment":[{"href":"https:\/\/cronicadesoledad.com\/index.php\/wp-json\/wp\/v2\/media?parent=18226"}],"wp:term":[{"taxonomy":"category","embeddable":true,"href":"https:\/\/cronicadesoledad.com\/index.php\/wp-json\/wp\/v2\/categories?post=18226"},{"taxonomy":"post_tag","embeddable":true,"href":"https:\/\/cronicadesoledad.com\/index.php\/wp-json\/wp\/v2\/tags?post=18226"}],"curies":[{"name":"wp","href":"https:\/\/api.w.org\/{rel}","templated":true}]}}