{"id":18232,"date":"2025-04-28T03:05:00","date_gmt":"2025-04-28T09:05:00","guid":{"rendered":"https:\/\/cronicadesoledad.com\/?p=18232"},"modified":"2025-04-27T22:31:32","modified_gmt":"2025-04-28T04:31:32","slug":"gran-exito-en-la-primera-edicion-del-pozostlon","status":"publish","type":"post","link":"https:\/\/cronicadesoledad.com\/index.php\/2025\/04\/28\/gran-exito-en-la-primera-edicion-del-pozostlon\/","title":{"rendered":"Gran \u00e9xito en la primera edici\u00f3n del Pozostl\u00f3n"},"content":{"rendered":"\n<p>El pasado s\u00e1bado 27 de abril, la comunidad de Villa de Pozos vivi\u00f3 una jornada hist\u00f3rica con la celebraci\u00f3n del primer \u201cPozostl\u00f3n\u201d, una carrera de obst\u00e1culos organizada por el Gobierno Municipal, a trav\u00e9s de la Direcci\u00f3n de Deporte Municipal. El evento, realizado de 09:00 a 13:00 horas en la Unidad Deportiva Casanova, marc\u00f3 un paso significativo en la reactivaci\u00f3n del deporte y la convivencia comunitaria en el municipio, y fue un total \u00e9xito con la participaci\u00f3n de deportistas locales y visitantes.<\/p>\n\n\n\n<p>Con categor\u00edas como mixta de 18 a 50 a\u00f1os, femenil y varonil de 18 a 50 a\u00f1os, y la categor\u00eda infantil mixta de 12 a 17 a\u00f1os, el Pozostl\u00f3n fue una competencia vibrante que desbord\u00f3 entusiasmo. Los participantes demostraron gran esfuerzo y habilidad en cada obst\u00e1culo, destacando el esp\u00edritu deportivo y la camarader\u00eda. El director de Deporte Municipal, Ren\u00e9 Guerrero Salas, expres\u00f3 su satisfacci\u00f3n por el respaldo de la comunidad y la respuesta positiva de los asistentes, destacando que este evento representa un paso importante hacia el fortalecimiento del deporte en Villa de Pozos.<\/p>\n\n\n\n<p>Los ganadores de cada categor\u00eda recibieron trofeos y medallas conmemorativas, convirtiendo esta edici\u00f3n inaugural en un momento memorable para los participantes. En la categor\u00eda masculina de 22 a 40 a\u00f1os, Jorge Zavala se alz\u00f3 con el primer lugar, seguido por Jos\u00e9 de Jes\u00fas Berumen y Arnold Berumen. En la categor\u00eda de 40 a\u00f1os y m\u00e1s, Roberto P\u00e9rez Tapia se coron\u00f3 campe\u00f3n, mientras que en la categor\u00eda infantil, Francisco Res\u00e9ndiz lider\u00f3 a los j\u00f3venes competidores.<\/p>\n\n\n\n<p>En la categor\u00eda femenina, Andrea Monserrat obtuvo la victoria en la franja de 14 a 21 a\u00f1os, mientras que Mirna del Roc\u00edo Uribe domin\u00f3 en la categor\u00eda de 22 a 40 a\u00f1os, y Ana Laura Portugal brill\u00f3 en la categor\u00eda de 40 a\u00f1os y m\u00e1s. Los trofeos y medallas fueron entregados con orgullo, y los participantes disfrutaron de un ambiente lleno de camarader\u00eda y alegr\u00eda.<\/p>\n\n\n\n<p>Este evento tambi\u00e9n fue posible gracias al apoyo de la integrante del Sistema Municipal de Cultura F\u00edsica y Deporte, Lorena Manzano, quien trabaj\u00f3 de cerca en la organizaci\u00f3n del Pozostl\u00f3n. El concejo municipal, encabezado por la presidenta Tere Rivera Acevedo, reafirm\u00f3 su compromiso con el desarrollo del deporte en el municipio, prometiendo continuar con la organizaci\u00f3n de eventos deportivos que fomenten la salud y la unidad entre los habitantes de Villa de Pozos.<\/p>\n\n\n\n<p>La exitosa realizaci\u00f3n del Pozostl\u00f3n marca el inicio de una serie de actividades deportivas que seguir\u00e1n impulsando el crecimiento de la cultura f\u00edsica en el municipio, y se invita a todos los vecinos a estar atentos a los pr\u00f3ximos eventos organizados por la Direcci\u00f3n de Deporte Municipal. Felicidades a todos los participantes y ganadores, y nos vemos en la pr\u00f3xima edici\u00f3n del Pozostl\u00f3n.<\/p>\n","protected":false},"excerpt":{"rendered":"<p>El pasado s\u00e1bado 27 de abril, la comunidad de Villa de Pozos vivi\u00f3 una jornada hist\u00f3rica con la celebraci\u00f3n del primer \u201cPozostl\u00f3n\u201d, una carrera de obst\u00e1culos organizada por el Gobierno Municipal, a trav\u00e9s de la Direcci\u00f3n de Deporte Municipal. El evento, realizado de 09:00 a 13:00 horas en la Unidad Deportiva Casanova, marc\u00f3 un paso [&hellip;]<\/p>\n","protected":false},"author":2,"featured_media":18233,"comment_status":"open","ping_status":"open","sticky":false,"template":"","format":"standard","meta":{"footnotes":""},"categories":[20,30,1,24],"tags":[2829,4090,294,261,27,1068],"class_list":{"0":"post-18232","1":"post","2":"type-post","3":"status-publish","4":"format-standard","5":"has-post-thumbnail","7":"category-cronica-deportiva","8":"category-de-la-region-centro","9":"category-destacadas","10":"category-informacion-general","11":"tag-ayuntamiento-de-villa-de-pozos","12":"tag-pozostlon","13":"tag-san-luis","14":"tag-slp","15":"tag-soledad","16":"tag-villa-de-pozos"},"_links":{"self":[{"href":"https:\/\/cronicadesoledad.com\/index.php\/wp-json\/wp\/v2\/posts\/18232","targetHints":{"allow":["GET"]}}],"collection":[{"href":"https:\/\/cronicadesoledad.com\/index.php\/wp-json\/wp\/v2\/posts"}],"about":[{"href":"https:\/\/cronicadesoledad.com\/index.php\/wp-json\/wp\/v2\/types\/post"}],"author":[{"embeddable":true,"href":"https:\/\/cronicadesoledad.com\/index.php\/wp-json\/wp\/v2\/users\/2"}],"replies":[{"embeddable":true,"href":"https:\/\/cronicadesoledad.com\/index.php\/wp-json\/wp\/v2\/comments?post=18232"}],"version-history":[{"count":1,"href":"https:\/\/cronicadesoledad.com\/index.php\/wp-json\/wp\/v2\/posts\/18232\/revisions"}],"predecessor-version":[{"id":18234,"href":"https:\/\/cronicadesoledad.com\/index.php\/wp-json\/wp\/v2\/posts\/18232\/revisions\/18234"}],"wp:featuredmedia":[{"embeddable":true,"href":"https:\/\/cronicadesoledad.com\/index.php\/wp-json\/wp\/v2\/media\/18233"}],"wp:attachment":[{"href":"https:\/\/cronicadesoledad.com\/index.php\/wp-json\/wp\/v2\/media?parent=18232"}],"wp:term":[{"taxonomy":"category","embeddable":true,"href":"https:\/\/cronicadesoledad.com\/index.php\/wp-json\/wp\/v2\/categories?post=18232"},{"taxonomy":"post_tag","embeddable":true,"href":"https:\/\/cronicadesoledad.com\/index.php\/wp-json\/wp\/v2\/tags?post=18232"}],"curies":[{"name":"wp","href":"https:\/\/api.w.org\/{rel}","templated":true}]}}