{"id":18235,"date":"2025-04-28T03:06:00","date_gmt":"2025-04-28T09:06:00","guid":{"rendered":"https:\/\/cronicadesoledad.com\/?p=18235"},"modified":"2025-04-27T22:35:40","modified_gmt":"2025-04-28T04:35:40","slug":"rezago-en-delegaciones-federales-es-herencia-de-decadas-gallardo","status":"publish","type":"post","link":"https:\/\/cronicadesoledad.com\/index.php\/2025\/04\/28\/rezago-en-delegaciones-federales-es-herencia-de-decadas-gallardo\/","title":{"rendered":"Rezago en delegaciones federales es herencia de d\u00e9cadas: Gallardo"},"content":{"rendered":"\n<p>El gobernador Ricardo Gallardo Cardona asegur\u00f3 que el profundo rezago que padecen las delegaciones federales en San Luis Potos\u00ed no puede atribuirse \u00fanicamente a una administraci\u00f3n reciente, sino que es el resultado de d\u00e9cadas de abandono institucional y falta de atenci\u00f3n sistem\u00e1tica. Durante una reuni\u00f3n con directores y delegados de diversas dependencias del Gobierno Federal, realizada este jueves en el Centro de Convenciones de San Luis Potos\u00ed, el mandatario enfatiz\u00f3 la necesidad urgente de revertir esta situaci\u00f3n hist\u00f3rica.<\/p>\n\n\n\n<p>En el encuentro, Gallardo Cardona detall\u00f3 que se definieron las coyunturas prioritarias que marcar\u00e1n la agenda de trabajo para 2025, a fin de coordinar esfuerzos de manera efectiva entre los tres niveles de gobierno. El objetivo, subray\u00f3, es superar inercias pasadas y construir un modelo de colaboraci\u00f3n que permita entregar resultados tangibles y medibles a la poblaci\u00f3n potosina, con un enfoque de gesti\u00f3n m\u00e1s eficiente y responsable.<\/p>\n\n\n\n<p>Entre los temas fundamentales que fueron incluidos en la agenda conjunta destacan el abasto de agua potable, el fortalecimiento de la infraestructura p\u00fablica, la ampliaci\u00f3n de programas de vivienda digna, la mejora de los servicios de salud y una atenci\u00f3n m\u00e1s decidida al campo potosino. El gobernador hizo hincapi\u00e9 en que estos rubros no admiten demoras, pues impactan de manera directa en la calidad de vida de miles de familias en las cuatro regiones del estado.<\/p>\n\n\n\n<p>Finalmente, Gallardo Cardona llam\u00f3 a los alcaldes municipales a sumarse a este esfuerzo conjunto, al se\u00f1alar que s\u00f3lo con una integraci\u00f3n plena de los municipios con la Federaci\u00f3n y el Gobierno Estatal se podr\u00e1n lograr avances significativos. &#8220;Cada obra y cada acci\u00f3n deber\u00e1 ser claramente verificable&#8221;, sostuvo, remarcando la importancia de que los resultados sean palpables para la ciudadan\u00eda y contribuyan a cerrar, de una vez por todas, la brecha de rezago que durante tantos a\u00f1os se dej\u00f3 crecer.<\/p>\n","protected":false},"excerpt":{"rendered":"<p>El gobernador Ricardo Gallardo Cardona asegur\u00f3 que el profundo rezago que padecen las delegaciones federales en San Luis Potos\u00ed no puede atribuirse \u00fanicamente a una administraci\u00f3n reciente, sino que es el resultado de d\u00e9cadas de abandono institucional y falta de atenci\u00f3n sistem\u00e1tica. Durante una reuni\u00f3n con directores y delegados de diversas dependencias del Gobierno Federal, [&hellip;]<\/p>\n","protected":false},"author":2,"featured_media":18236,"comment_status":"open","ping_status":"open","sticky":false,"template":"","format":"standard","meta":{"footnotes":""},"categories":[1,24,3080],"tags":[4131,1158,287,1160,294,261,27],"class_list":{"0":"post-18235","1":"post","2":"type-post","3":"status-publish","4":"format-standard","5":"has-post-thumbnail","7":"category-destacadas","8":"category-informacion-general","9":"category-slp","10":"tag-delegaciones-federales","11":"tag-gobierno-del-estado","12":"tag-nacional","13":"tag-ricardo-gallardo-cardona","14":"tag-san-luis","15":"tag-slp","16":"tag-soledad"},"_links":{"self":[{"href":"https:\/\/cronicadesoledad.com\/index.php\/wp-json\/wp\/v2\/posts\/18235","targetHints":{"allow":["GET"]}}],"collection":[{"href":"https:\/\/cronicadesoledad.com\/index.php\/wp-json\/wp\/v2\/posts"}],"about":[{"href":"https:\/\/cronicadesoledad.com\/index.php\/wp-json\/wp\/v2\/types\/post"}],"author":[{"embeddable":true,"href":"https:\/\/cronicadesoledad.com\/index.php\/wp-json\/wp\/v2\/users\/2"}],"replies":[{"embeddable":true,"href":"https:\/\/cronicadesoledad.com\/index.php\/wp-json\/wp\/v2\/comments?post=18235"}],"version-history":[{"count":1,"href":"https:\/\/cronicadesoledad.com\/index.php\/wp-json\/wp\/v2\/posts\/18235\/revisions"}],"predecessor-version":[{"id":18237,"href":"https:\/\/cronicadesoledad.com\/index.php\/wp-json\/wp\/v2\/posts\/18235\/revisions\/18237"}],"wp:featuredmedia":[{"embeddable":true,"href":"https:\/\/cronicadesoledad.com\/index.php\/wp-json\/wp\/v2\/media\/18236"}],"wp:attachment":[{"href":"https:\/\/cronicadesoledad.com\/index.php\/wp-json\/wp\/v2\/media?parent=18235"}],"wp:term":[{"taxonomy":"category","embeddable":true,"href":"https:\/\/cronicadesoledad.com\/index.php\/wp-json\/wp\/v2\/categories?post=18235"},{"taxonomy":"post_tag","embeddable":true,"href":"https:\/\/cronicadesoledad.com\/index.php\/wp-json\/wp\/v2\/tags?post=18235"}],"curies":[{"name":"wp","href":"https:\/\/api.w.org\/{rel}","templated":true}]}}